{"id":12890,"date":"2024-04-08T20:51:49","date_gmt":"2024-04-08T20:51:49","guid":{"rendered":"https:\/\/radiocresatelital.com\/?p=12890"},"modified":"2024-04-08T21:54:05","modified_gmt":"2024-04-08T21:54:05","slug":"jovenes-suman-su-voz-a-favor-de-la-conservacion-en-sucumbios","status":"publish","type":"post","link":"https:\/\/radiocresatelital.com\/?p=12890","title":{"rendered":"J\u00f3venes suman su voz a favor de la conservaci\u00f3n en Sucumb\u00edos"},"content":{"rendered":"<p>Lago Agrio &#8211; En un esfuerzo por promover la participaci\u00f3n activa de la juventud en la protecci\u00f3n y preservaci\u00f3n de la naturaleza en la provincia de Sucumb\u00edos, el Fondo Mundial para la Naturaleza (WWF) y el Gobierno Aut\u00f3nomo Descentralizado (GAD) Provincial de Sucumb\u00edos, anuncian el Primer Encuentro de J\u00f3venes Diversos por la Conservaci\u00f3n Ambiental de Sucumb\u00edos que se realizar\u00e1 del 04 al 06 de abril en la ciudad de Nueva Loja, cant\u00f3n Lago Agrio.<\/p>\n<p>La Amazon\u00eda es un bioma de importancia global para la gente, la naturaleza y el planeta. Un 97% de la superficie de la Amazon\u00eda (6,5 millones de kil\u00f3metros cuadrados) est\u00e1 cubierto por bosques. Se trata del mayor sistema continuo de bosques tropicales y r\u00edos del mundo. Seg\u00fan el Informe Amazon\u00eda Viva de WWF, la p\u00e9rdida continua de este bioma pondr\u00eda en peligro el sustento de aproximadamente 47 millones de personas, amenazar\u00eda la seguridad alimentaria y contribuir\u00eda al aumento de la temperatura global por encima de los l\u00edmites cr\u00edticos.<\/p>\n<p>Frente a este contexto, los j\u00f3venes amaz\u00f3nicos son fundamentales en la defensa del territorio, su compromiso con la conservaci\u00f3n y sostenibilidad de la Amazon\u00eda no solo es una cuesti\u00f3n local, sino un acto de responsabilidad hacia el futuro de nuestro planeta y las generaciones venideras. Por ello, m\u00e1s de 60 j\u00f3venes l\u00edderes y lideresas participar\u00e1n en este encuentro, demostrando un alto compromiso y representatividad en sus comunidades y\/o territorios.<\/p>\n<p>Esta iniciativa se realiza en el marco del proyecto SELVA, implementado por WWF Ecuador y financiado por la Agencia de los Estados Unidos para el Desarrollo Internacional (USAID) en el paisaje Aguarico Norte.<\/p>\n<p><em>\u201c<\/em><em>.La Amazon\u00eda est\u00e1 cerca de llegar a un punto de inflexi\u00f3n ecol\u00f3gica, estos j\u00f3venes son la esperanza que tenemos de concretar acciones que detengan el deterioro de este bioma de importancia vital para la salud del planeta y del que dependen comunidades enteras para su sobrevivencia\u201d<\/em> menciona Tarsicio Granizo, director de WWF Ecuador.<\/p>\n<p>\u201cLos j\u00f3venes son protagonistas del cambio, juntos lograremos importantes resultados por la vida de nuestro planeta, juntos sembraremos vida y la semilla de cambio para ampliar nuestra conciencia ciudadana frente a la conservaci\u00f3n del planeta\u201d expres\u00f3 el prefecto de Sucumb\u00edos, Yofre Poma.<\/p>\n<p>Durante dos d\u00edas, se mantendr\u00e1 un espacio de reflexi\u00f3n y colaboraci\u00f3n, mediante la implementaci\u00f3n de herramientas l\u00fadicas y art\u00edsticas. Al mismo tiempo, se abordar\u00e1n temas clave relacionados con la conservaci\u00f3n, el cambio clim\u00e1tico y el bienestar de las comunidades.<\/p>\n<p>Este encuentro no s\u00f3lo busca generar conciencia sobre la importancia de proteger y conservar la Amazon\u00eda , sino tambi\u00e9n empoderar a \u00a0las juventudes, mujeres y hombres como representantes de sus comunidades en la defensa de sus derechos y de la naturaleza, el encuentro tambi\u00e9n promover\u00e1 un proceso permanente de gobernanza con la participaci\u00f3n efectiva de las juventudes, donde se escuche e involucre la diversidad de criterios y acciones, en favor de la protecci\u00f3n y conservaci\u00f3n de la biodiversidad de Sucumb\u00edos.<\/p>\n","protected":false},"excerpt":{"rendered":"<p>Lago Agrio &#8211; En un esfuerzo por promover la participaci\u00f3n activa de la juventud en la protecci\u00f3n y preservaci\u00f3n de la naturaleza en la provincia de Sucumb\u00edos, el Fondo Mundial para la Naturaleza (WWF) y el Gobierno Aut\u00f3nomo Descentralizado (GAD) Provincial de Sucumb\u00edos, anuncian el Primer Encuentro de J\u00f3venes Diversos por la Conservaci\u00f3n Ambiental de [&hellip;]<\/p>\n","protected":false},"author":2,"featured_media":12891,"comment_status":"open","ping_status":"closed","sticky":false,"template":"","format":"standard","meta":{"_jetpack_memberships_contains_paid_content":false,"footnotes":""},"categories":[13],"tags":[2129,2130,2131],"class_list":["post-12890","post","type-post","status-publish","format-standard","has-post-thumbnail","hentry","category-noticias-nacionales","tag-fondo-mundial-para-la-naturaleza","tag-gobierno-autonomo-descentralizado","tag-sucumbios"],"jetpack_featured_media_url":"https:\/\/radiocresatelital.com\/wp-content\/uploads\/2024\/04\/79263d02-eafc-4765-aa2c-eeac888d7cdc.jpeg","jetpack_sharing_enabled":true,"_links":{"self":[{"href":"https:\/\/radiocresatelital.com\/index.php?rest_route=\/wp\/v2\/posts\/12890","targetHints":{"allow":["GET"]}}],"collection":[{"href":"https:\/\/radiocresatelital.com\/index.php?rest_route=\/wp\/v2\/posts"}],"about":[{"href":"https:\/\/radiocresatelital.com\/index.php?rest_route=\/wp\/v2\/types\/post"}],"author":[{"embeddable":true,"href":"https:\/\/radiocresatelital.com\/index.php?rest_route=\/wp\/v2\/users\/2"}],"replies":[{"embeddable":true,"href":"https:\/\/radiocresatelital.com\/index.php?rest_route=%2Fwp%2Fv2%2Fcomments&post=12890"}],"version-history":[{"count":1,"href":"https:\/\/radiocresatelital.com\/index.php?rest_route=\/wp\/v2\/posts\/12890\/revisions"}],"predecessor-version":[{"id":12892,"href":"https:\/\/radiocresatelital.com\/index.php?rest_route=\/wp\/v2\/posts\/12890\/revisions\/12892"}],"wp:featuredmedia":[{"embeddable":true,"href":"https:\/\/radiocresatelital.com\/index.php?rest_route=\/wp\/v2\/media\/12891"}],"wp:attachment":[{"href":"https:\/\/radiocresatelital.com\/index.php?rest_route=%2Fwp%2Fv2%2Fmedia&parent=12890"}],"wp:term":[{"taxonomy":"category","embeddable":true,"href":"https:\/\/radiocresatelital.com\/index.php?rest_route=%2Fwp%2Fv2%2Fcategories&post=12890"},{"taxonomy":"post_tag","embeddable":true,"href":"https:\/\/radiocresatelital.com\/index.php?rest_route=%2Fwp%2Fv2%2Ftags&post=12890"}],"curies":[{"name":"wp","href":"https:\/\/api.w.org\/{rel}","templated":true}]}}