{"id":12865,"date":"2024-04-08T21:19:15","date_gmt":"2024-04-08T21:19:15","guid":{"rendered":"https:\/\/radiocresatelital.com\/?p=12865"},"modified":"2024-04-08T21:19:15","modified_gmt":"2024-04-08T21:19:15","slug":"resultados-de-la-ley-de-empleo-joven-tambien-esta-en-el-sector-de-la-floricultura","status":"publish","type":"post","link":"https:\/\/radiocresatelital.com\/?p=12865","title":{"rendered":"Resultados de la Ley de Empleo joven tambi\u00e9n est\u00e1 en el sector de la Floricultura"},"content":{"rendered":"<p>El Quinche.- La Ley de Empleo Joven contin\u00faa dado resultados positivos en la contrataci\u00f3n de j\u00f3venes ecuatorianos en todo el pa\u00eds. Una de las empresas que ha incluido j\u00f3venes en su personal tras la vigencia de la ley es Utop\u00eda Farms, flor\u00edcola ubicada en El Quinche. Este 8 de abril, el presidente Daniel Noboa Azin visit\u00f3 esta industria para conocer su historia.<\/p>\n<p>M\u00e1s de 600 j\u00f3venes ingresaron a Utop\u00eda Farms entre enero y marzo de 2024, ellos son parte de un total de 66.000 en todo el pa\u00eds que han sido contratados por diversas empresas en el marco de la Ley de Eficiencia Econ\u00f3mica y Generaci\u00f3n de Empleo, vigente desde diciembre del a\u00f1o pasado. Esta normativa, que fue iniciativa del Ejecutivo, brinda beneficios tributarios a quienes contraten j\u00f3venes entre 18 y 29 a\u00f1os, por lo que su impacto ha incentivado la inclusi\u00f3n laboral de este sector.<\/p>\n<p>El presidente Noboa se dirigi\u00f3 a los j\u00f3venes de la empresa que hoy tienen un trabajo digno y estable, record\u00e1ndoles que: \u201cEl futuro del Ecuador est\u00e1 en el empleo y el empleo es lo que quieren los j\u00f3venes del Ecuador. Lo tengo muy claro y ese fue<br \/>\nel mensaje central de mi campa\u00f1a electoral\u201d. Por ello, impulsar esta normativa que ya tiene resultados fue una de sus primeras acciones al iniciar su mandato.<\/p>\n<p>La ministra de Trabajo, Ivonne N\u00fa\u00f1ez, detall\u00f3 que, de los 608 j\u00f3venes contratados por Utop\u00eda, el 60 % son mujeres y tambi\u00e9n se han incluido a j\u00f3venes con discapacidad. El gerente de la empresa, Rub\u00e9n Orozco, destac\u00f3 que la implementaci\u00f3n de pol\u00edticas p\u00fablicas para incentivar el empleo juvenil contribuye en el crecimiento de las industrias y de la fuerza laboral. \u201cCreemos en nuestro pa\u00eds, lo amamos y luchamos d\u00eda a d\u00eda por hacer de este pedazo de tierra un espacio seguro de trabajo. Estamos seguros que seguiremos trabajando el Gobierno y la empresa privada para mejorar la vida de nuestra gente.\u201d<\/p>\n<p>Durante este evento, el Primer Mandatario tambi\u00e9n enfatiz\u00f3 en que \u201csin seguridad, no hay empleo\u201d, por lo que hizo un llamado a los j\u00f3venes de la empresa y el pa\u00eds: \u201cLa mejor manera de trabajar por la seguridad y el empleo es participar en la consulta. Cada una de las respuestas que ustedes den en esa consulta ser\u00e1 fundamental para tener un futuro de paz, empleo y desarrollo en el Ecuador\u201d.<\/p>\n<p>Finalmente, Noboa recalc\u00f3 que su gobierno tambi\u00e9n tiene una utop\u00eda, que debe ser una realidad, y es un Ecuador sin impunidad, que todo delincuente sentenciado cumpla su pena en la c\u00e1rcel. Cueste lo que cueste.<\/p>\n","protected":false},"excerpt":{"rendered":"<p>El Quinche.- La Ley de Empleo Joven contin\u00faa dado resultados positivos en la contrataci\u00f3n de j\u00f3venes ecuatorianos en todo el pa\u00eds. Una de las empresas que ha incluido j\u00f3venes en su personal tras la vigencia de la ley es Utop\u00eda Farms, flor\u00edcola ubicada en El Quinche. Este 8 de abril, el presidente Daniel Noboa Azin [&hellip;]<\/p>\n","protected":false},"author":2,"featured_media":12866,"comment_status":"open","ping_status":"closed","sticky":false,"template":"","format":"standard","meta":{"_jetpack_memberships_contains_paid_content":false,"footnotes":""},"categories":[13],"tags":[1322],"class_list":["post-12865","post","type-post","status-publish","format-standard","has-post-thumbnail","hentry","category-noticias-nacionales","tag-presidente-daniel-noboa"],"jetpack_featured_media_url":"https:\/\/radiocresatelital.com\/wp-content\/uploads\/2024\/04\/53641071875_65f10d48a0_c.jpg","jetpack_sharing_enabled":true,"_links":{"self":[{"href":"https:\/\/radiocresatelital.com\/index.php?rest_route=\/wp\/v2\/posts\/12865","targetHints":{"allow":["GET"]}}],"collection":[{"href":"https:\/\/radiocresatelital.com\/index.php?rest_route=\/wp\/v2\/posts"}],"about":[{"href":"https:\/\/radiocresatelital.com\/index.php?rest_route=\/wp\/v2\/types\/post"}],"author":[{"embeddable":true,"href":"https:\/\/radiocresatelital.com\/index.php?rest_route=\/wp\/v2\/users\/2"}],"replies":[{"embeddable":true,"href":"https:\/\/radiocresatelital.com\/index.php?rest_route=%2Fwp%2Fv2%2Fcomments&post=12865"}],"version-history":[{"count":1,"href":"https:\/\/radiocresatelital.com\/index.php?rest_route=\/wp\/v2\/posts\/12865\/revisions"}],"predecessor-version":[{"id":12867,"href":"https:\/\/radiocresatelital.com\/index.php?rest_route=\/wp\/v2\/posts\/12865\/revisions\/12867"}],"wp:featuredmedia":[{"embeddable":true,"href":"https:\/\/radiocresatelital.com\/index.php?rest_route=\/wp\/v2\/media\/12866"}],"wp:attachment":[{"href":"https:\/\/radiocresatelital.com\/index.php?rest_route=%2Fwp%2Fv2%2Fmedia&parent=12865"}],"wp:term":[{"taxonomy":"category","embeddable":true,"href":"https:\/\/radiocresatelital.com\/index.php?rest_route=%2Fwp%2Fv2%2Fcategories&post=12865"},{"taxonomy":"post_tag","embeddable":true,"href":"https:\/\/radiocresatelital.com\/index.php?rest_route=%2Fwp%2Fv2%2Ftags&post=12865"}],"curies":[{"name":"wp","href":"https:\/\/api.w.org\/{rel}","templated":true}]}}