{"id":12857,"date":"2024-04-08T20:43:49","date_gmt":"2024-04-08T20:43:49","guid":{"rendered":"https:\/\/radiocresatelital.com\/?p=12857"},"modified":"2024-04-08T20:43:49","modified_gmt":"2024-04-08T20:43:49","slug":"presidente-daniel-noboa-envia-carta-al-pueblo-ecuatoriano","status":"publish","type":"post","link":"https:\/\/radiocresatelital.com\/?p=12857","title":{"rendered":"Presidente Daniel Noboa env\u00eda carta al Pueblo Ecuatoriano"},"content":{"rendered":"<p>Quito.- Ante los \u00faltimos acontecimientos que vive el Pa\u00eds con el Gobierno de M\u00e9xico, el Presidente de la Rep\u00fablica, Daniel Noboa, ha dado a conocer una carta enviada mediante las redes sociales de la Presidencia de la Rep\u00fablica.<\/p>\n<p>La misiva expresa lo siguiente:<\/p>\n<p><img decoding=\"async\" src=\"https:\/\/pbs.twimg.com\/media\/GKqzTsZWkAELaF0?format=jpg&amp;name=900x900\" alt=\"Imagen\" \/><\/p>\n","protected":false},"excerpt":{"rendered":"<p>Quito.- Ante los \u00faltimos acontecimientos que vive el Pa\u00eds con el Gobierno de M\u00e9xico, el Presidente de la Rep\u00fablica, Daniel Noboa, ha dado a conocer una carta enviada mediante las redes sociales de la Presidencia de la Rep\u00fablica. La misiva expresa lo siguiente:<\/p>\n","protected":false},"author":2,"featured_media":12478,"comment_status":"open","ping_status":"closed","sticky":false,"template":"","format":"standard","meta":{"_jetpack_memberships_contains_paid_content":false,"footnotes":""},"categories":[13],"tags":[1322],"class_list":["post-12857","post","type-post","status-publish","format-standard","has-post-thumbnail","hentry","category-noticias-nacionales","tag-presidente-daniel-noboa"],"jetpack_featured_media_url":"https:\/\/radiocresatelital.com\/wp-content\/uploads\/2024\/03\/presidente-de-ecuador-daniel-noboa-15532.jpg","jetpack_sharing_enabled":true,"_links":{"self":[{"href":"https:\/\/radiocresatelital.com\/index.php?rest_route=\/wp\/v2\/posts\/12857","targetHints":{"allow":["GET"]}}],"collection":[{"href":"https:\/\/radiocresatelital.com\/index.php?rest_route=\/wp\/v2\/posts"}],"about":[{"href":"https:\/\/radiocresatelital.com\/index.php?rest_route=\/wp\/v2\/types\/post"}],"author":[{"embeddable":true,"href":"https:\/\/radiocresatelital.com\/index.php?rest_route=\/wp\/v2\/users\/2"}],"replies":[{"embeddable":true,"href":"https:\/\/radiocresatelital.com\/index.php?rest_route=%2Fwp%2Fv2%2Fcomments&post=12857"}],"version-history":[{"count":1,"href":"https:\/\/radiocresatelital.com\/index.php?rest_route=\/wp\/v2\/posts\/12857\/revisions"}],"predecessor-version":[{"id":12858,"href":"https:\/\/radiocresatelital.com\/index.php?rest_route=\/wp\/v2\/posts\/12857\/revisions\/12858"}],"wp:featuredmedia":[{"embeddable":true,"href":"https:\/\/radiocresatelital.com\/index.php?rest_route=\/wp\/v2\/media\/12478"}],"wp:attachment":[{"href":"https:\/\/radiocresatelital.com\/index.php?rest_route=%2Fwp%2Fv2%2Fmedia&parent=12857"}],"wp:term":[{"taxonomy":"category","embeddable":true,"href":"https:\/\/radiocresatelital.com\/index.php?rest_route=%2Fwp%2Fv2%2Fcategories&post=12857"},{"taxonomy":"post_tag","embeddable":true,"href":"https:\/\/radiocresatelital.com\/index.php?rest_route=%2Fwp%2Fv2%2Ftags&post=12857"}],"curies":[{"name":"wp","href":"https:\/\/api.w.org\/{rel}","templated":true}]}}