{"id":12849,"date":"2024-04-08T19:49:36","date_gmt":"2024-04-08T19:49:36","guid":{"rendered":"https:\/\/radiocresatelital.com\/?p=12849"},"modified":"2024-04-08T20:37:03","modified_gmt":"2024-04-08T20:37:03","slug":"glas-ingiere-sobredosis-de-medicina-estaria-en-coma-inducido","status":"publish","type":"post","link":"https:\/\/radiocresatelital.com\/?p=12849","title":{"rendered":"Glas ingiere sobredosis de medicina, estar\u00eda en coma inducido"},"content":{"rendered":"<p>Guayaquil.- Seg\u00fan un parte policial, el ex vicepresidente, Jorge Glas, habr\u00eda ingerido una sobredosis de ansiol\u00edticos, antidepresivos y sedantes, por lo cual se habr\u00eda intoxicado, vale recordar, que el mencionado PPL sufr\u00eda problemas mentales, como alucinaciones, ansiedad, etc. de acuerdo a lo que \u00e9l mismo ha revelado.<\/p>\n<p>Glas, estar\u00eda en un coma inducido, estado en el cual \u00a0fue\u00a0trasladado\u00a0al\u00a0Hospital Militar\u00a0en\u00a0Guayaquil a tempranas horas de la tarde desde la c\u00e1rcel de alta seguridad La Roca, donde se encuentra desde el viernes anterior cuando fue capturado dentro de la embajada mexicana en Quito.<\/p>\n<p>NOTICIA EN DESARROLLO<\/p>\n<p>&nbsp;<\/p>\n<div>\n<div class=\"trv-player-container\">\n<div class=\"trv-wrapper\">\n<div id=\"br_video_player_ff5af713ed94504a4c615ceb240713c94ba48c50\" class=\"trvd_video_player\">\n<div class=\"media-player\">\n<div class=\"trv-video\"><\/div>\n<\/div>\n<\/div>\n<\/div>\n<\/div>\n<\/div>\n","protected":false},"excerpt":{"rendered":"<p>Guayaquil.- Seg\u00fan un parte policial, el ex vicepresidente, Jorge Glas, habr\u00eda ingerido una sobredosis de ansiol\u00edticos, antidepresivos y sedantes, por lo cual se habr\u00eda intoxicado, vale recordar, que el mencionado PPL sufr\u00eda problemas mentales, como alucinaciones, ansiedad, etc. de acuerdo a lo que \u00e9l mismo ha revelado. Glas, estar\u00eda en un coma inducido, estado en [&hellip;]<\/p>\n","protected":false},"author":3,"featured_media":12855,"comment_status":"open","ping_status":"closed","sticky":false,"template":"","format":"standard","meta":{"_jetpack_memberships_contains_paid_content":false,"footnotes":""},"categories":[13],"tags":[725],"class_list":["post-12849","post","type-post","status-publish","format-standard","has-post-thumbnail","hentry","category-noticias-nacionales","tag-jorge-glas"],"jetpack_featured_media_url":"https:\/\/radiocresatelital.com\/wp-content\/uploads\/2024\/04\/647905bbb3c7f.jpeg","jetpack_sharing_enabled":true,"_links":{"self":[{"href":"https:\/\/radiocresatelital.com\/index.php?rest_route=\/wp\/v2\/posts\/12849","targetHints":{"allow":["GET"]}}],"collection":[{"href":"https:\/\/radiocresatelital.com\/index.php?rest_route=\/wp\/v2\/posts"}],"about":[{"href":"https:\/\/radiocresatelital.com\/index.php?rest_route=\/wp\/v2\/types\/post"}],"author":[{"embeddable":true,"href":"https:\/\/radiocresatelital.com\/index.php?rest_route=\/wp\/v2\/users\/3"}],"replies":[{"embeddable":true,"href":"https:\/\/radiocresatelital.com\/index.php?rest_route=%2Fwp%2Fv2%2Fcomments&post=12849"}],"version-history":[{"count":2,"href":"https:\/\/radiocresatelital.com\/index.php?rest_route=\/wp\/v2\/posts\/12849\/revisions"}],"predecessor-version":[{"id":12856,"href":"https:\/\/radiocresatelital.com\/index.php?rest_route=\/wp\/v2\/posts\/12849\/revisions\/12856"}],"wp:featuredmedia":[{"embeddable":true,"href":"https:\/\/radiocresatelital.com\/index.php?rest_route=\/wp\/v2\/media\/12855"}],"wp:attachment":[{"href":"https:\/\/radiocresatelital.com\/index.php?rest_route=%2Fwp%2Fv2%2Fmedia&parent=12849"}],"wp:term":[{"taxonomy":"category","embeddable":true,"href":"https:\/\/radiocresatelital.com\/index.php?rest_route=%2Fwp%2Fv2%2Fcategories&post=12849"},{"taxonomy":"post_tag","embeddable":true,"href":"https:\/\/radiocresatelital.com\/index.php?rest_route=%2Fwp%2Fv2%2Ftags&post=12849"}],"curies":[{"name":"wp","href":"https:\/\/api.w.org\/{rel}","templated":true}]}}