{"id":12844,"date":"2024-04-08T16:59:45","date_gmt":"2024-04-08T16:59:45","guid":{"rendered":"https:\/\/radiocresatelital.com\/?p=12844"},"modified":"2024-04-08T19:36:58","modified_gmt":"2024-04-08T19:36:58","slug":"la-detencion-de-glas-fue-un-duro-golpe-correa-no-se-lo-esperaba-por-eso-ha-demostrado-un-sentimiento-antipatria-joaquin-hernandez","status":"publish","type":"post","link":"https:\/\/radiocresatelital.com\/?p=12844","title":{"rendered":"La detenci\u00f3n de Glas fue un duro golpe, Correa, no se lo esperaba, por eso ha demostrado un sentimiento antipatria, Joaqu\u00edn Hern\u00e1ndez"},"content":{"rendered":"<p>Guayaquil.- El Dr. Joaqu\u00edn Hern\u00e1ndez, internacionalista, se refiri\u00f3 en CRE Noticias, a las declaraciones que ha dado el expresidente Rafael Correa a varios medios internacionales, donde anima a M\u00e9xico a tomar medidas sancionatorias contra Ecuador e incluso dice que lo actuado por nuestro pa\u00eds es una declaratoria de guerra a M\u00e9xico y que bi\u00e9n podr\u00edan bloquear el Puerto de Guayaquil: \u00abHay que leer las declaraciones de Correa pensando que el golpe ha sido muy fuerte, no se esperaban que capturen as\u00ed a Glas. Adem\u00e1s, M\u00e9xico ni si quiera libra bien la guerra contra los narcos, que van a mandar una armada, cual armada\u00bb, ironiz\u00f3 el analista.<\/p>\n<p>\u00abSe nota por el estado de Jerem\u00edas (de lamento), incluso llegando a una actitud antiecuatoriana, el estado de c\u00f3lera y desesperaci\u00f3n que experimenta, porque seg\u00fan dice en el informe que esta circulando en medios, que por el cumplea\u00f1os del ex presidente Correa, lo esperaban a Glas para celebrar, adem\u00e1s, no s\u00e9 que vaya a pasar esta semana con el testimonio de Polit\u00bb, se\u00f1al\u00f3 Hern\u00e1ndez.<\/p>\n<p>\u00abMuchos ecuatorianos de buena voluntad, estan presos en este s\u00edndrome de la autoculpa\u00bb,dijo Hern\u00e1ndez, quien a\u00f1adi\u00f3 que \u00absi se le escapaba Glas al presidente Noboa era \u00absu culpa\u00bb , es decir, si el presidente no actuaba; y si act\u00faa, tambi\u00e9n mal.\u00a0 Seg\u00fan las autoridades, se sab\u00eda que todo estaba preparado para que Glas vaya en el carro diplom\u00e1tico que no pod\u00eda ser detenido y entrara directamente al H\u00e9rcules, lo cual habria que confirmarlo, pero esto explicar\u00eda la raz\u00f3n por tan radical actuaci\u00f3n \u00bb<\/p>\n<p>&nbsp;<\/p>\n<p>&nbsp;<\/p>\n","protected":false},"excerpt":{"rendered":"<p>Guayaquil.- El Dr. Joaqu\u00edn Hern\u00e1ndez, internacionalista, se refiri\u00f3 en CRE Noticias, a las declaraciones que ha dado el expresidente Rafael Correa a varios medios internacionales, donde anima a M\u00e9xico a tomar medidas sancionatorias contra Ecuador e incluso dice que lo actuado por nuestro pa\u00eds es una declaratoria de guerra a M\u00e9xico y que bi\u00e9n podr\u00edan [&hellip;]<\/p>\n","protected":false},"author":3,"featured_media":12845,"comment_status":"open","ping_status":"closed","sticky":false,"template":"","format":"standard","meta":{"_jetpack_memberships_contains_paid_content":false,"footnotes":""},"categories":[13],"tags":[],"class_list":["post-12844","post","type-post","status-publish","format-standard","has-post-thumbnail","hentry","category-noticias-nacionales"],"jetpack_featured_media_url":"https:\/\/radiocresatelital.com\/wp-content\/uploads\/2024\/04\/joaquin-hernandez-1.jpg","jetpack_sharing_enabled":true,"_links":{"self":[{"href":"https:\/\/radiocresatelital.com\/index.php?rest_route=\/wp\/v2\/posts\/12844","targetHints":{"allow":["GET"]}}],"collection":[{"href":"https:\/\/radiocresatelital.com\/index.php?rest_route=\/wp\/v2\/posts"}],"about":[{"href":"https:\/\/radiocresatelital.com\/index.php?rest_route=\/wp\/v2\/types\/post"}],"author":[{"embeddable":true,"href":"https:\/\/radiocresatelital.com\/index.php?rest_route=\/wp\/v2\/users\/3"}],"replies":[{"embeddable":true,"href":"https:\/\/radiocresatelital.com\/index.php?rest_route=%2Fwp%2Fv2%2Fcomments&post=12844"}],"version-history":[{"count":2,"href":"https:\/\/radiocresatelital.com\/index.php?rest_route=\/wp\/v2\/posts\/12844\/revisions"}],"predecessor-version":[{"id":12848,"href":"https:\/\/radiocresatelital.com\/index.php?rest_route=\/wp\/v2\/posts\/12844\/revisions\/12848"}],"wp:featuredmedia":[{"embeddable":true,"href":"https:\/\/radiocresatelital.com\/index.php?rest_route=\/wp\/v2\/media\/12845"}],"wp:attachment":[{"href":"https:\/\/radiocresatelital.com\/index.php?rest_route=%2Fwp%2Fv2%2Fmedia&parent=12844"}],"wp:term":[{"taxonomy":"category","embeddable":true,"href":"https:\/\/radiocresatelital.com\/index.php?rest_route=%2Fwp%2Fv2%2Fcategories&post=12844"},{"taxonomy":"post_tag","embeddable":true,"href":"https:\/\/radiocresatelital.com\/index.php?rest_route=%2Fwp%2Fv2%2Ftags&post=12844"}],"curies":[{"name":"wp","href":"https:\/\/api.w.org\/{rel}","templated":true}]}}