{"id":12841,"date":"2024-04-08T16:29:31","date_gmt":"2024-04-08T16:29:31","guid":{"rendered":"https:\/\/radiocresatelital.com\/?p=12841"},"modified":"2024-04-08T16:29:31","modified_gmt":"2024-04-08T16:29:31","slug":"ecuador-debe-emprender-una-ofensiva-diplomatica-debemos-dejar-de-culparnos-dr-joaquin-hernandez","status":"publish","type":"post","link":"https:\/\/radiocresatelital.com\/?p=12841","title":{"rendered":"Ecuador debe emprender una ofensiva diplom\u00e1tica, debemos dejar de culparnos, Dr-Joaqu\u00edn Hern\u00e1ndez"},"content":{"rendered":"<p>Guayaquil.-\u00a0 El Dr. Joaqu\u00edn Hern\u00e1ndez, Internacionalista, convers\u00f3 con CRE Satelital, sobre la situaci\u00f3n que atraviesan las embajadas de M\u00e9xico yEcuador, sobre lo cual, se\u00f1al\u00f3, que no vamos a negar la irrupci\u00f3n a la embajada mexicana en Ecuador, pero remarc\u00f3 que es necesario ver todo el contexto y para ello, el gobierno ecuatoriano debe desarrollar una campa\u00f1a medi\u00e1tica y diplom\u00e1tica en el mundo para que se comprenda bien lo sucedido. \u00abNo solo hay que quedarnos en el tema de la violaci\u00f3n de la embajada, sino analizarlo en terminos mas amplios.<\/p>\n<p>\u00abEn primer lugar, Ecuador vive un Conflicto Interno Armado de car\u00e1cter internacional, donde participan carteles internacionales como son los mexicanos, el de Sinaloa yJalisco Nueva Generaci\u00f3n, por lo tanto, no es una circunstancia local, donde a un gobierno de dictadores se le ocurre\u00a0 romper a una embajada para sacar a un perseguido pol\u00edtico, aqu\u00ed hay otras implicaciones sobre la colaboraci\u00f3n que Ecuador necesita para no permitir impunidad\u00bb, indic\u00f3 el internacionalista.<\/p>\n<p>\u00abEl Sr. Glas, tiene todo un prontuariado, ha sido condenado por los temas de Odebretch y se esta investigando el caso de Manab\u00ed, por lo tanto, no estamos investigando a un perseguido pol\u00edtico sino a una persona que tiene problemas con la justicia y tiene que responder ante ella. Ecuador ha procedido porque no podia en un momento tan grave como el que esta sucediendo, dejar que los hechos aconteciensen y se diese la salida del Sr. Glas cuando la justicia ecuatoriana lo busca\u00bb, explic\u00f3.<\/p>\n<p>Hay que explicar el contexto que el Ecador vive, desde hace dos a\u00f1os y medios se ve al Ecuador como uno de los m\u00e1s peligrosos de la regi\u00f3n, y Guayaquil como una de las ciudades m\u00e1s violentas, los apoyos internacionales no han hecho nada, me refiero a periodistas de medios europeos y latinoamericanos, que solo ven la intervenci\u00f3n en la embajada, pero no ven todo el contexto y brillaron por su ausencia cuando el Ecuador sufr\u00eda e incluso ahora que sufre violencia\u00bb\u00a0 y a\u00f1adi\u00f3 que el gobierno conoc\u00eda que todo estaba planeado para su escape, por lo que apresur\u00f3 su captura.<\/p>\n<p>\u00abEcuador debe desarrollar una ofensiva diplom\u00e1tica en la regi\u00f3n, hay gobierno objetivos, personas de bien, que estoy seguro van a escuchar y comprender que esta es una situaci\u00f3n muy compleja que no se puede entender o juzgar \u00fanicamente por lo sucedido el viernes en la noche en la embajada\u00bb, dijo Hern\u00e1ndez, quien a\u00f1adi\u00f3 que los ecuatorianos debemos dejar esa vieja costumbre de culparnos y buscar el respeto, reflexi\u00f3n ante la cual, cito el an\u00e1lisis de Rivas Palacios, editorialista de El Financiero, el mismo que habla sobre la importancia de ganarse el autorespeto, lo cual, claro significa adem\u00e1s un gran compromiso, pero remarc\u00f3 que nosotros tenemos derecho a ser respetados.<\/p>\n<p>Adem\u00e1s, dijo que al revisar el contexto de las declaraciones iniciales de L\u00f3pez Obrador, se colige que \u00e9l aprovecha el caso de Ecuador, para quejarse contra la prensa de su pa\u00eds y \u00abescoge mal\u00bb al dispararse contra Noboa. En ese momento, \u00e9l ataca al Ecuador y defiende a Glas, pese a que de hecho ya la canciller\u00eda hab\u00eda dado toda la informaci\u00f3n, L\u00f3pez Obrador, no sab\u00eda con quien se met\u00eda y recibi\u00f3 la respuesta de Noboa, resalta sobre el an\u00e1lisis referido<\/p>\n<p>&nbsp;<\/p>\n","protected":false},"excerpt":{"rendered":"<p>Guayaquil.-\u00a0 El Dr. Joaqu\u00edn Hern\u00e1ndez, Internacionalista, convers\u00f3 con CRE Satelital, sobre la situaci\u00f3n que atraviesan las embajadas de M\u00e9xico yEcuador, sobre lo cual, se\u00f1al\u00f3, que no vamos a negar la irrupci\u00f3n a la embajada mexicana en Ecuador, pero remarc\u00f3 que es necesario ver todo el contexto y para ello, el gobierno ecuatoriano debe desarrollar una [&hellip;]<\/p>\n","protected":false},"author":3,"featured_media":12842,"comment_status":"open","ping_status":"closed","sticky":false,"template":"","format":"standard","meta":{"_jetpack_memberships_contains_paid_content":false,"footnotes":""},"categories":[13],"tags":[],"class_list":["post-12841","post","type-post","status-publish","format-standard","has-post-thumbnail","hentry","category-noticias-nacionales"],"jetpack_featured_media_url":"https:\/\/radiocresatelital.com\/wp-content\/uploads\/2024\/04\/joaquin-hernandez.jpeg","jetpack_sharing_enabled":true,"_links":{"self":[{"href":"https:\/\/radiocresatelital.com\/index.php?rest_route=\/wp\/v2\/posts\/12841","targetHints":{"allow":["GET"]}}],"collection":[{"href":"https:\/\/radiocresatelital.com\/index.php?rest_route=\/wp\/v2\/posts"}],"about":[{"href":"https:\/\/radiocresatelital.com\/index.php?rest_route=\/wp\/v2\/types\/post"}],"author":[{"embeddable":true,"href":"https:\/\/radiocresatelital.com\/index.php?rest_route=\/wp\/v2\/users\/3"}],"replies":[{"embeddable":true,"href":"https:\/\/radiocresatelital.com\/index.php?rest_route=%2Fwp%2Fv2%2Fcomments&post=12841"}],"version-history":[{"count":1,"href":"https:\/\/radiocresatelital.com\/index.php?rest_route=\/wp\/v2\/posts\/12841\/revisions"}],"predecessor-version":[{"id":12843,"href":"https:\/\/radiocresatelital.com\/index.php?rest_route=\/wp\/v2\/posts\/12841\/revisions\/12843"}],"wp:featuredmedia":[{"embeddable":true,"href":"https:\/\/radiocresatelital.com\/index.php?rest_route=\/wp\/v2\/media\/12842"}],"wp:attachment":[{"href":"https:\/\/radiocresatelital.com\/index.php?rest_route=%2Fwp%2Fv2%2Fmedia&parent=12841"}],"wp:term":[{"taxonomy":"category","embeddable":true,"href":"https:\/\/radiocresatelital.com\/index.php?rest_route=%2Fwp%2Fv2%2Fcategories&post=12841"},{"taxonomy":"post_tag","embeddable":true,"href":"https:\/\/radiocresatelital.com\/index.php?rest_route=%2Fwp%2Fv2%2Ftags&post=12841"}],"curies":[{"name":"wp","href":"https:\/\/api.w.org\/{rel}","templated":true}]}}