{"id":12793,"date":"2024-04-06T18:33:36","date_gmt":"2024-04-06T18:33:36","guid":{"rendered":"https:\/\/radiocresatelital.com\/?p=12793"},"modified":"2024-04-06T18:33:36","modified_gmt":"2024-04-06T18:33:36","slug":"ant-fortalece-su-gestion-en-la-zona-sur-del-pais","status":"publish","type":"post","link":"https:\/\/radiocresatelital.com\/?p=12793","title":{"rendered":"ANT fortalece su gesti\u00f3n en la zona sur del pa\u00eds"},"content":{"rendered":"<p>Cuenca.- Del 1 al 5 de abril, la directora Ejecutiva de la Agencia Nacional de Tr\u00e1nsito (ANT), Vanessa Cueva, llev\u00f3 a cabo una amplia agenda de actividades en las provincias de Loja, Ca\u00f1ar y Azuay. Durante este periodo, sostuvo reuniones con funcionarios de la agencia, autoridades locales, operadoras de transporte terrestre de diversas modalidades, organizaciones de la sociedad civil y medios de comunicaci\u00f3n.<\/p>\n<p>En Loja, se reuni\u00f3 con el gobernador de la provincia, Pa\u00fal Aguilar, as\u00ed como con representantes de la Secretar\u00eda de Gesti\u00f3n de Riesgos y la Polic\u00eda Nacional para abordar la reducci\u00f3n de la siniestralidad vial. Cueva destac\u00f3 que \u201cLoja es un ejemplo de c\u00f3mo gestionar y trabajar de forma articulada por la seguridad vial\u201d.<\/p>\n<p>La M\u00e1xima Autoridad de la ANT mantuvo diversas reuniones con los alcaldes y equipos municipales de Loja, Esp\u00edndola, Azogues, Gir\u00f3n, Gualaceo y Cuenca, con el fin de coordinar acciones relacionadas con los centros de Revisi\u00f3n T\u00e9cnica Vehicular, los controles al transporte terrestre p\u00fablico comercial, la seguridad vial, la infraestructura de terminales terrestres y la calidad del servicio a los usuarios. Adem\u00e1s, los invit\u00f3 a sumarse a las actividades previstas para la Semana de la Movilidad 2024, que se llevar\u00e1 a cabo en mayo.<\/p>\n<p>Por otro lado, en las tres provincias se reuni\u00f3 con representantes y dirigentes de diferentes modalidades de transporte terrestre p\u00fablico comercial, incluyendo pasajeros, carga y turismo, para escuchar sus necesidades y proponer soluciones que mejoren la gesti\u00f3n del transporte en cada regi\u00f3n. Cueva enfatiz\u00f3 el compromiso de garantizar servicios transparentes y de calidad para todos los usuarios de la ANT, y les inform\u00f3 sobre los avances en el Plan Nacional de Rutas y Frecuencias 2023-2025. \u201cA trav\u00e9s de este plan, buscaremos las mejores estrategias para atender las zonas donde no existe transporte p\u00fablico o hay puntos colapsados. Creemos que para llegar a consensos es necesaria la retroalimentaci\u00f3n. Est\u00e1n invitados a ser parte de este proceso t\u00e9cnico\u201d, afirm\u00f3.<\/p>\n<p>La Directora Ejecutiva visit\u00f3 las oficinas y puntos de atenci\u00f3n de la ANT para conocer de cerca el trabajo realizado en el territorio, dejando el mensaje de \u2018Cero tolerancia a la corrupci\u00f3n\u2019, al cual se sumaron los funcionarios y trabajadores de cada ciudad. En el mismo contexto, a trav\u00e9s de los medios de comunicaci\u00f3n, Cueva invit\u00f3 a la ciudadan\u00eda a denunciar cualquier acto il\u00edcito relacionado con la gesti\u00f3n de la ANT. \u201cSolo deben ingresar a la p\u00e1gina\u00a0<a href=\"http:\/\/www.ant.gob.ec\/\">www.ant.gob.ec<\/a>\u00a0y completar un formulario con informaci\u00f3n b\u00e1sica para que la denuncia no quede en una simple queja. Nosotros daremos la atenci\u00f3n necesaria para generar sanciones administrativas o derivarlas a los entes de control como la Fiscal\u00eda General del Estado\u201d.<\/p>\n<p>Entre otras actividades, la directora Ejecutiva, Vanessa Cueva, pudo conocer de cerca el proyecto para reducir siniestros viales impulsado por el colectivo \u2018Unidos por la Vida\u2019; realizar encuestas de evaluaci\u00f3n del servicio prestado por las operadoras de transporte interprovincial en las terminales terrestres; visitar el Moviparque, una iniciativa del Municipio de Loja que ense\u00f1a educaci\u00f3n vial a los ni\u00f1os a trav\u00e9s del uso de la bicicleta; y recorrer Cuenca en el tranv\u00eda, una alternativa de movilidad sostenible en esta ciudad.<\/p>\n<p>De esta forma, se ratifica el compromiso de construir una nueva Agencia Nacional de Tr\u00e1nsito con servicios transparentes y de calidad para todos, una pol\u00edtica clara de \u2018cero tolerancia\u2019 a la corrupci\u00f3n y la articulaci\u00f3n de acciones para fortalecer la seguridad vial en todo el territorio ecuatoriano.<\/p>\n","protected":false},"excerpt":{"rendered":"<p>Cuenca.- Del 1 al 5 de abril, la directora Ejecutiva de la Agencia Nacional de Tr\u00e1nsito (ANT), Vanessa Cueva, llev\u00f3 a cabo una amplia agenda de actividades en las provincias de Loja, Ca\u00f1ar y Azuay. Durante este periodo, sostuvo reuniones con funcionarios de la agencia, autoridades locales, operadoras de transporte terrestre de diversas modalidades, organizaciones [&hellip;]<\/p>\n","protected":false},"author":2,"featured_media":12794,"comment_status":"open","ping_status":"closed","sticky":false,"template":"","format":"standard","meta":{"_jetpack_memberships_contains_paid_content":false,"footnotes":""},"categories":[13],"tags":[1160,2120],"class_list":["post-12793","post","type-post","status-publish","format-standard","has-post-thumbnail","hentry","category-noticias-nacionales","tag-agencia-nacional-de-transito","tag-vanessa-cueva"],"jetpack_featured_media_url":"https:\/\/radiocresatelital.com\/wp-content\/uploads\/2024\/04\/cuenca-1536x1023-1.jpeg","jetpack_sharing_enabled":true,"_links":{"self":[{"href":"https:\/\/radiocresatelital.com\/index.php?rest_route=\/wp\/v2\/posts\/12793","targetHints":{"allow":["GET"]}}],"collection":[{"href":"https:\/\/radiocresatelital.com\/index.php?rest_route=\/wp\/v2\/posts"}],"about":[{"href":"https:\/\/radiocresatelital.com\/index.php?rest_route=\/wp\/v2\/types\/post"}],"author":[{"embeddable":true,"href":"https:\/\/radiocresatelital.com\/index.php?rest_route=\/wp\/v2\/users\/2"}],"replies":[{"embeddable":true,"href":"https:\/\/radiocresatelital.com\/index.php?rest_route=%2Fwp%2Fv2%2Fcomments&post=12793"}],"version-history":[{"count":1,"href":"https:\/\/radiocresatelital.com\/index.php?rest_route=\/wp\/v2\/posts\/12793\/revisions"}],"predecessor-version":[{"id":12795,"href":"https:\/\/radiocresatelital.com\/index.php?rest_route=\/wp\/v2\/posts\/12793\/revisions\/12795"}],"wp:featuredmedia":[{"embeddable":true,"href":"https:\/\/radiocresatelital.com\/index.php?rest_route=\/wp\/v2\/media\/12794"}],"wp:attachment":[{"href":"https:\/\/radiocresatelital.com\/index.php?rest_route=%2Fwp%2Fv2%2Fmedia&parent=12793"}],"wp:term":[{"taxonomy":"category","embeddable":true,"href":"https:\/\/radiocresatelital.com\/index.php?rest_route=%2Fwp%2Fv2%2Fcategories&post=12793"},{"taxonomy":"post_tag","embeddable":true,"href":"https:\/\/radiocresatelital.com\/index.php?rest_route=%2Fwp%2Fv2%2Ftags&post=12793"}],"curies":[{"name":"wp","href":"https:\/\/api.w.org\/{rel}","templated":true}]}}