{"id":12787,"date":"2024-04-06T18:24:34","date_gmt":"2024-04-06T18:24:34","guid":{"rendered":"https:\/\/radiocresatelital.com\/?p=12787"},"modified":"2024-04-06T18:24:46","modified_gmt":"2024-04-06T18:24:46","slug":"palacio-de-carondelet-contara-con-el-escudo-azul-para-proteger-su-patrimonio-cultural","status":"publish","type":"post","link":"https:\/\/radiocresatelital.com\/?p=12787","title":{"rendered":"Palacio de Carondelet contar\u00e1 con el Escudo azul para proteger su patrimonio cultural"},"content":{"rendered":"<p>Quito.- En ceremonia liderada por el presidente de la Rep\u00fablica del Ecuador, Daniel Noboa Azin, se llev\u00f3 a cabo la revelaci\u00f3n del emblema Escudo Azul en el Palacio de Carondelet. Este acto se realiz\u00f3 en cumplimiento de los principios establecidos en la Convenci\u00f3n de la Haya para la Protecci\u00f3n de Bienes Culturales en caso de Conflicto Armado de 1954.<\/p>\n<p>La ceremonia cont\u00f3 con la destacada asistencia de ministros, secretarios y otras autoridades gubernamentales, as\u00ed como de representantes diplom\u00e1ticos de diversas embajadas y organismos internacionales.<\/p>\n<p>\u201cEsto significa que, en el marco del conflicto armado interno en contra de los grupos narcoterroristas, la casa de gobierno gozar\u00e1 de una atenci\u00f3n especial y reforzaremos la protecci\u00f3n de la edificaci\u00f3n y de sus bienes\u201d para prevenir que sea un blanco de ataque, explic\u00f3 el Primer Mandatario.<\/p>\n<p>Saadia S\u00e1nchez, directora de la Oficina de la Unesco en Quito, enfatiz\u00f3 que la Convenci\u00f3n a la que Ecuador se ha unido reconoce la importancia vital de proteger los tesoros culturales de la humanidad de los estragos de la violencia, en un mundo donde los conflictos siguen siendo una realidad. \u201cLa inclusi\u00f3n del Palacio de Gobierno en la lista de sitios protegidos por el emblema Escudo Azul es su compromiso contundente del Estado ecuatoriano con la defensa de la memoria hist\u00f3rica\u201d, se\u00f1al\u00f3.<\/p>\n<p>La iniciativa asegura la preservaci\u00f3n del Palacio de Carondelet, situado en el coraz\u00f3n del Centro Hist\u00f3rico de Quito, para las generaciones venideras. \u00abSus muros han sido testigos de las m\u00faltiples transformaciones pol\u00edticas y sociales de nuestro pa\u00eds y la regi\u00f3n\u00bb, afirm\u00f3 el Presidente, destacando su importancia como s\u00edmbolo de identidad y democracia del Ecuador.<\/p>\n<p>Con esta acci\u00f3n, el gobierno del Nuevo Ecuador, respetuoso de los acuerdos internacionales, reafirma su compromiso de precautelar el patrimonio y someter a la ley a quienes atenten contra ellos.<\/p>\n","protected":false},"excerpt":{"rendered":"<p>Quito.- En ceremonia liderada por el presidente de la Rep\u00fablica del Ecuador, Daniel Noboa Azin, se llev\u00f3 a cabo la revelaci\u00f3n del emblema Escudo Azul en el Palacio de Carondelet. Este acto se realiz\u00f3 en cumplimiento de los principios establecidos en la Convenci\u00f3n de la Haya para la Protecci\u00f3n de Bienes Culturales en caso de [&hellip;]<\/p>\n","protected":false},"author":2,"featured_media":12788,"comment_status":"open","ping_status":"closed","sticky":false,"template":"","format":"standard","meta":{"_jetpack_memberships_contains_paid_content":false,"footnotes":""},"categories":[13],"tags":[1322],"class_list":["post-12787","post","type-post","status-publish","format-standard","has-post-thumbnail","hentry","category-noticias-nacionales","tag-presidente-daniel-noboa"],"jetpack_featured_media_url":"https:\/\/radiocresatelital.com\/wp-content\/uploads\/2024\/04\/53634511873_38d83a4267_c.jpg","jetpack_sharing_enabled":true,"_links":{"self":[{"href":"https:\/\/radiocresatelital.com\/index.php?rest_route=\/wp\/v2\/posts\/12787","targetHints":{"allow":["GET"]}}],"collection":[{"href":"https:\/\/radiocresatelital.com\/index.php?rest_route=\/wp\/v2\/posts"}],"about":[{"href":"https:\/\/radiocresatelital.com\/index.php?rest_route=\/wp\/v2\/types\/post"}],"author":[{"embeddable":true,"href":"https:\/\/radiocresatelital.com\/index.php?rest_route=\/wp\/v2\/users\/2"}],"replies":[{"embeddable":true,"href":"https:\/\/radiocresatelital.com\/index.php?rest_route=%2Fwp%2Fv2%2Fcomments&post=12787"}],"version-history":[{"count":1,"href":"https:\/\/radiocresatelital.com\/index.php?rest_route=\/wp\/v2\/posts\/12787\/revisions"}],"predecessor-version":[{"id":12789,"href":"https:\/\/radiocresatelital.com\/index.php?rest_route=\/wp\/v2\/posts\/12787\/revisions\/12789"}],"wp:featuredmedia":[{"embeddable":true,"href":"https:\/\/radiocresatelital.com\/index.php?rest_route=\/wp\/v2\/media\/12788"}],"wp:attachment":[{"href":"https:\/\/radiocresatelital.com\/index.php?rest_route=%2Fwp%2Fv2%2Fmedia&parent=12787"}],"wp:term":[{"taxonomy":"category","embeddable":true,"href":"https:\/\/radiocresatelital.com\/index.php?rest_route=%2Fwp%2Fv2%2Fcategories&post=12787"},{"taxonomy":"post_tag","embeddable":true,"href":"https:\/\/radiocresatelital.com\/index.php?rest_route=%2Fwp%2Fv2%2Ftags&post=12787"}],"curies":[{"name":"wp","href":"https:\/\/api.w.org\/{rel}","templated":true}]}}