{"id":12705,"date":"2024-04-02T22:41:49","date_gmt":"2024-04-02T22:41:49","guid":{"rendered":"https:\/\/radiocresatelital.com\/?p=12705"},"modified":"2024-04-02T22:41:49","modified_gmt":"2024-04-02T22:41:49","slug":"ministerio-de-produccion-y-centro-de-la-industria-lactea-firman-acuerdo-con-fepale-para-promover-al-sector-lechero","status":"publish","type":"post","link":"https:\/\/radiocresatelital.com\/?p=12705","title":{"rendered":"Ministerio de Producci\u00f3n y Centro de la Industria L\u00e1ctea firman acuerdo con FEPALE para promover al sector lechero"},"content":{"rendered":"<p>Quito.- El Centro de la Industria L\u00e1ctea (CIL), en el marco de su Asamblea General de Socio, junto a el Ministerio de Producci\u00f3n, Comercio Exterior, Inversiones y Pesca (MPCEIP) y la Federaci\u00f3n Panamericana de Lecher\u00eda (FEPALE) suscribieron un acuerdo de cooperaci\u00f3n interinstitucional cuyo enfoque es el fortalecimiento de la industria l\u00e1ctea ecuatoriana, considerando a todos los eslabones de su cadena de valor.<\/p>\n<p><strong>Este convenio tripartito tiene como principales componentes:<\/strong><\/p>\n<ul>\n<li>Mejorar las condiciones productivas y empresariales del sector l\u00e1cteo a trav\u00e9s de oportunidades competitivas, fomento al consumo, asistencia t\u00e9cnica, transferencia de conocimiento e impulso de soluciones sostenibles en la cadena de producci\u00f3n.<\/li>\n<li>Generar propuestas de mejora normativa enfocadas en el desarrollo productivo, la competitividad y el acceso a mercados; adem\u00e1s de la implementaci\u00f3n de herramientas de transferencia de tecnolog\u00eda para aumentar la calidad de los procesos productivos de la cadena.<\/li>\n<li>Coordinar acciones para levantar informaci\u00f3n sobre las necesidades en materia de desarrollo y fortalecimiento de las actividades productivas del sector; e identificaci\u00f3n y gesti\u00f3n de recursos financieros para la ejecuci\u00f3n de proyectos.<\/li>\n<\/ul>\n<p>El sector l\u00e1cteo ecuatoriano enfrenta enormes desaf\u00edos, considerando la incidencia de la informalidad en la producci\u00f3n de leche y derivados, la cual bordea el 55,7%, as\u00ed como la disminuci\u00f3n del consumo de productos l\u00e1cteos cuya ca\u00edda fue del 12% entre 2022 y 2023. En ese sentido, la directora ejecutiva del CIL, Ver\u00f3nica Ch\u00e1vez Man-Ging, destaca que \u201ccontar durante los pr\u00f3ximos cuatro a\u00f1os con el compromiso y el apoyo sostenido del Ministerio de Producci\u00f3n y de FEPALE representa una gran oportunidad para nuestra cadena de valor para combatir los principales problemas que tenemos, con una visi\u00f3n t\u00e9cnica y la experiencia que tenemos en las industrias al estar en contacto permanente con los productores de leche, con los consumidores, con los proveedores y con el Gobierno\u201d.<\/p>\n<p>Cabe destacar que en Ecuador el sector l\u00e1cteo genera ingresos para aproximadamente 1,5 millones de personas que son parte de la cadena productiva directa e indirectamente. Las 10 industrias que est\u00e1n agremiadas al CIL generan siete mil empleos y acopian el 70% de la leche cruda que se encuentra en el mercado formal.<\/p>\n","protected":false},"excerpt":{"rendered":"<p>Quito.- El Centro de la Industria L\u00e1ctea (CIL), en el marco de su Asamblea General de Socio, junto a el Ministerio de Producci\u00f3n, Comercio Exterior, Inversiones y Pesca (MPCEIP) y la Federaci\u00f3n Panamericana de Lecher\u00eda (FEPALE) suscribieron un acuerdo de cooperaci\u00f3n interinstitucional cuyo enfoque es el fortalecimiento de la industria l\u00e1ctea ecuatoriana, considerando a todos [&hellip;]<\/p>\n","protected":false},"author":2,"featured_media":12706,"comment_status":"open","ping_status":"closed","sticky":false,"template":"","format":"standard","meta":{"_jetpack_memberships_contains_paid_content":false,"footnotes":""},"categories":[13],"tags":[1415,2110,1265],"class_list":["post-12705","post","type-post","status-publish","format-standard","has-post-thumbnail","hentry","category-noticias-nacionales","tag-centro-de-la-industria-lactea","tag-comercio-exterior","tag-ministerio-de-produccion"],"jetpack_featured_media_url":"https:\/\/radiocresatelital.com\/wp-content\/uploads\/2024\/04\/44c577d3-a7ff-4b10-90f7-bd31c2f9bea9.jpeg","jetpack_sharing_enabled":true,"_links":{"self":[{"href":"https:\/\/radiocresatelital.com\/index.php?rest_route=\/wp\/v2\/posts\/12705","targetHints":{"allow":["GET"]}}],"collection":[{"href":"https:\/\/radiocresatelital.com\/index.php?rest_route=\/wp\/v2\/posts"}],"about":[{"href":"https:\/\/radiocresatelital.com\/index.php?rest_route=\/wp\/v2\/types\/post"}],"author":[{"embeddable":true,"href":"https:\/\/radiocresatelital.com\/index.php?rest_route=\/wp\/v2\/users\/2"}],"replies":[{"embeddable":true,"href":"https:\/\/radiocresatelital.com\/index.php?rest_route=%2Fwp%2Fv2%2Fcomments&post=12705"}],"version-history":[{"count":1,"href":"https:\/\/radiocresatelital.com\/index.php?rest_route=\/wp\/v2\/posts\/12705\/revisions"}],"predecessor-version":[{"id":12707,"href":"https:\/\/radiocresatelital.com\/index.php?rest_route=\/wp\/v2\/posts\/12705\/revisions\/12707"}],"wp:featuredmedia":[{"embeddable":true,"href":"https:\/\/radiocresatelital.com\/index.php?rest_route=\/wp\/v2\/media\/12706"}],"wp:attachment":[{"href":"https:\/\/radiocresatelital.com\/index.php?rest_route=%2Fwp%2Fv2%2Fmedia&parent=12705"}],"wp:term":[{"taxonomy":"category","embeddable":true,"href":"https:\/\/radiocresatelital.com\/index.php?rest_route=%2Fwp%2Fv2%2Fcategories&post=12705"},{"taxonomy":"post_tag","embeddable":true,"href":"https:\/\/radiocresatelital.com\/index.php?rest_route=%2Fwp%2Fv2%2Ftags&post=12705"}],"curies":[{"name":"wp","href":"https:\/\/api.w.org\/{rel}","templated":true}]}}