{"id":12702,"date":"2024-04-02T22:34:16","date_gmt":"2024-04-02T22:34:16","guid":{"rendered":"https:\/\/radiocresatelital.com\/?p=12702"},"modified":"2024-04-02T22:34:16","modified_gmt":"2024-04-02T22:34:16","slug":"incremento-de-policias-y-vigilantes-para-reforzar-seguridad-y-descongestionamiento-vehicular-en-zona-portuaria-de-guayaquil","status":"publish","type":"post","link":"https:\/\/radiocresatelital.com\/?p=12702","title":{"rendered":"Incremento de Polic\u00edas y Vigilantes para Reforzar Seguridad y Descongestionamiento Vehicular en Zona Portuaria de Guayaquil"},"content":{"rendered":"<p>Guayaquil.- En una decidida acci\u00f3n para abordar los desaf\u00edos de seguridad y tr\u00e1fico en la zona portuaria de Guayaquil, el Gobernador del Guayas, Alberto Molina, encabez\u00f3 una mesa de trabajo junto a representantes de los sectores involucrados. La congesti\u00f3n vehicular y la inseguridad son dos de los problemas m\u00e1s apremiantes que afectan al sector exportador, especialmente en el transporte de banano.<\/p>\n<p>En materia tr\u00e1nsito la congesti\u00f3n vehicular est\u00e1 causando graves problemas al sector seg\u00fan manifiestan principalmente en la zona de \u201c3 Bocas\u201d, \u201cLos \u00c1ngeles\u201d y la \u201cAv. 25 de Julio\u201d que conectan con los puertos mar\u00edtimos del sur de la ciudad, es donde se concentra un alto n\u00famero de transporte pesado como traileras, dificulta la circulaci\u00f3n y afecta la tranquilidad de la zona.<\/p>\n<p>Sumo a ello est\u00e1 la inseguridad de la que han sido v\u00edctimas trabajadores y directivos de las diferentes empresas exportadoras, quienes han enfrentado robos, extorsiones, asaltos y otros delitos La reuni\u00f3n de trabajo liderada por el gobernador Alberto Molina resolvi\u00f3 adoptar acciones contundentes como mayor presencia policial y vigilantes de tr\u00e1nsito en la zona portuaria, para garantizar la descongesti\u00f3n vehicular y reducir delitos. Este despliegue busca proteger tanto a los transportistas como a los habitantes locales.<\/p>\n<p>Tras la mesa de trabajo la autoridad provincial Alberto Molina, realiz\u00f3 un recorrido por varias terminales portuarias para evaluar la situaci\u00f3n.<\/p>\n<p>Participaron en la mesa de trabajo Polic\u00eda Nacional, ATM (Autoridad de Tr\u00e1nsito Municipal), ACORBANEC (Asociaci\u00f3n de Comerciantes de Banano del Ecuador), Armada del Ecuador, Segura EP, SENAE (Servicio Nacional de Aduana del Ecuador), AEBE (Autoridad de Espacios Acu\u00e1ticos y Mar\u00edtimos), y Ministerio de Transporte.<\/p>\n<p>El compromiso del gobierno de El Nuevo Ecuador es garantizar la seguridad de los ciudadanos, proteger los intereses comerciales y mantener la estabilidad econ\u00f3mica en la zona portuaria de Guayaquil. Esta labor es fundamental para<br \/>\nel desarrollo sostenible y el bienestar de la comunidad.<\/p>\n","protected":false},"excerpt":{"rendered":"<p>Guayaquil.- En una decidida acci\u00f3n para abordar los desaf\u00edos de seguridad y tr\u00e1fico en la zona portuaria de Guayaquil, el Gobernador del Guayas, Alberto Molina, encabez\u00f3 una mesa de trabajo junto a representantes de los sectores involucrados. La congesti\u00f3n vehicular y la inseguridad son dos de los problemas m\u00e1s apremiantes que afectan al sector exportador, [&hellip;]<\/p>\n","protected":false},"author":2,"featured_media":12703,"comment_status":"open","ping_status":"closed","sticky":false,"template":"","format":"standard","meta":{"_jetpack_memberships_contains_paid_content":false,"footnotes":""},"categories":[13],"tags":[1820,1370],"class_list":["post-12702","post","type-post","status-publish","format-standard","has-post-thumbnail","hentry","category-noticias-nacionales","tag-alberto-molina","tag-gobernador-del-guayas"],"jetpack_featured_media_url":"https:\/\/radiocresatelital.com\/wp-content\/uploads\/2024\/04\/f036a45c-2d9b-41b7-a7c3-51739537d5dc.jpeg","jetpack_sharing_enabled":true,"_links":{"self":[{"href":"https:\/\/radiocresatelital.com\/index.php?rest_route=\/wp\/v2\/posts\/12702","targetHints":{"allow":["GET"]}}],"collection":[{"href":"https:\/\/radiocresatelital.com\/index.php?rest_route=\/wp\/v2\/posts"}],"about":[{"href":"https:\/\/radiocresatelital.com\/index.php?rest_route=\/wp\/v2\/types\/post"}],"author":[{"embeddable":true,"href":"https:\/\/radiocresatelital.com\/index.php?rest_route=\/wp\/v2\/users\/2"}],"replies":[{"embeddable":true,"href":"https:\/\/radiocresatelital.com\/index.php?rest_route=%2Fwp%2Fv2%2Fcomments&post=12702"}],"version-history":[{"count":1,"href":"https:\/\/radiocresatelital.com\/index.php?rest_route=\/wp\/v2\/posts\/12702\/revisions"}],"predecessor-version":[{"id":12704,"href":"https:\/\/radiocresatelital.com\/index.php?rest_route=\/wp\/v2\/posts\/12702\/revisions\/12704"}],"wp:featuredmedia":[{"embeddable":true,"href":"https:\/\/radiocresatelital.com\/index.php?rest_route=\/wp\/v2\/media\/12703"}],"wp:attachment":[{"href":"https:\/\/radiocresatelital.com\/index.php?rest_route=%2Fwp%2Fv2%2Fmedia&parent=12702"}],"wp:term":[{"taxonomy":"category","embeddable":true,"href":"https:\/\/radiocresatelital.com\/index.php?rest_route=%2Fwp%2Fv2%2Fcategories&post=12702"},{"taxonomy":"post_tag","embeddable":true,"href":"https:\/\/radiocresatelital.com\/index.php?rest_route=%2Fwp%2Fv2%2Ftags&post=12702"}],"curies":[{"name":"wp","href":"https:\/\/api.w.org\/{rel}","templated":true}]}}