{"id":12698,"date":"2024-04-02T20:39:43","date_gmt":"2024-04-02T20:39:43","guid":{"rendered":"https:\/\/radiocresatelital.com\/?p=12698"},"modified":"2024-04-02T20:39:43","modified_gmt":"2024-04-02T20:39:43","slug":"acciones-inmediatas-el-presidente-daniel-noboa-instalo-el-gabinete-de-seguridad-en-manta","status":"publish","type":"post","link":"https:\/\/radiocresatelital.com\/?p=12698","title":{"rendered":"Acciones inmediatas: El Presidente Daniel Noboa instal\u00f3 el Gabinete de Seguridad en Manta"},"content":{"rendered":"<p>Manta.- El Presidente de la Rep\u00fablica, Daniel Noboa Azin, lider\u00f3 el Gabinete Sectorial de Seguridad en Manta, reiterando el compromiso inquebrantable de restablecer el orden y la seguridad en el pa\u00eds y en la provincia de Manab\u00ed. A la<br \/>\nreuni\u00f3n asistieron tambi\u00e9n altos funcionarios del gobierno, incluidos ministros de Estado y el gobernador, para evaluar y definir medidas estrat\u00e9gicas en respuesta a los recientes sucesos en materia de seguridad.<\/p>\n<p>Ante la situaci\u00f3n de inseguridad que afecta \u2013sobre todo- a la costa ecuatoriana, el presidente Noboa destac\u00f3 \u201cEstamos viviendo una ola de violencia especialmente en cuatro provincias, y tenemos que estar aqu\u00ed presentes (\u2026). No nos vamos a<br \/>\ndejar amedrentar y vamos a enfrentar a los grupos narcoterroristas y a toda persona que quiera atentar contra la libertad de los ciudadanos\u201d, declar\u00f3 con firmeza.<\/p>\n<p>Al concluir la reuni\u00f3n, la ministra de Gobierno y de Interior (e), M\u00f3nica Palencia, se\u00f1al\u00f3 los principales temas abordados, entre los que constan: el trabajo articulado entre la Polic\u00eda Nacional y las Fuerzas Armadas para conocer en detalle la situaci\u00f3n actual en las zonas m\u00e1s afectadas; el trabajo de la Fuerza de Investigaci\u00f3n contra la Extorsi\u00f3n (FICE); la seguridad portuaria para evitar el ingreso de sustancias sujetas a fiscalizaci\u00f3n y cuidar la productividad y el comercio internacional; entre otras medidas.<\/p>\n<p>Por otro lado, destac\u00f3 la importancia de una estrecha colaboraci\u00f3n entre el gobierno central y las autoridades locales para enfrentar el terrorismo y crimen organizado. En ese sentido, se\u00f1al\u00f3 que el Ministerio del Interior brinda apoyo t\u00e9cnico para que alcaldes, prefectos y otras autoridades locales elaboren planes de seguridad ciudadana y medidas dirigidas a la reconstrucci\u00f3n del tejido social, en el marco de las funciones que indica el C\u00f3digo Org\u00e1nico de Organizaci\u00f3n Territorial, Autonom\u00eda y Descentralizaci\u00f3n (COOTAD).<\/p>\n<p>Las acciones acordadas en la reuni\u00f3n, bajo el liderazgo del presidente Noboa, se enmarcan en el Plan F\u00e9nix, con \u00e9nfasis en investigaci\u00f3n, prevenci\u00f3n y contenci\u00f3n.<\/p>\n<p>\u00abActuaremos con determinaci\u00f3n en la identificaci\u00f3n de los cabecillas de los focos de violencia\u00bb, afirm\u00f3 Palencia.<\/p>\n","protected":false},"excerpt":{"rendered":"<p>Manta.- El Presidente de la Rep\u00fablica, Daniel Noboa Azin, lider\u00f3 el Gabinete Sectorial de Seguridad en Manta, reiterando el compromiso inquebrantable de restablecer el orden y la seguridad en el pa\u00eds y en la provincia de Manab\u00ed. A la reuni\u00f3n asistieron tambi\u00e9n altos funcionarios del gobierno, incluidos ministros de Estado y el gobernador, para evaluar [&hellip;]<\/p>\n","protected":false},"author":2,"featured_media":12699,"comment_status":"open","ping_status":"closed","sticky":false,"template":"","format":"standard","meta":{"_jetpack_memberships_contains_paid_content":false,"footnotes":""},"categories":[13],"tags":[1322],"class_list":["post-12698","post","type-post","status-publish","format-standard","has-post-thumbnail","hentry","category-noticias-nacionales","tag-presidente-daniel-noboa"],"jetpack_featured_media_url":"https:\/\/radiocresatelital.com\/wp-content\/uploads\/2024\/04\/53628028340_d60f68e5e1_c.jpg","jetpack_sharing_enabled":true,"_links":{"self":[{"href":"https:\/\/radiocresatelital.com\/index.php?rest_route=\/wp\/v2\/posts\/12698","targetHints":{"allow":["GET"]}}],"collection":[{"href":"https:\/\/radiocresatelital.com\/index.php?rest_route=\/wp\/v2\/posts"}],"about":[{"href":"https:\/\/radiocresatelital.com\/index.php?rest_route=\/wp\/v2\/types\/post"}],"author":[{"embeddable":true,"href":"https:\/\/radiocresatelital.com\/index.php?rest_route=\/wp\/v2\/users\/2"}],"replies":[{"embeddable":true,"href":"https:\/\/radiocresatelital.com\/index.php?rest_route=%2Fwp%2Fv2%2Fcomments&post=12698"}],"version-history":[{"count":1,"href":"https:\/\/radiocresatelital.com\/index.php?rest_route=\/wp\/v2\/posts\/12698\/revisions"}],"predecessor-version":[{"id":12700,"href":"https:\/\/radiocresatelital.com\/index.php?rest_route=\/wp\/v2\/posts\/12698\/revisions\/12700"}],"wp:featuredmedia":[{"embeddable":true,"href":"https:\/\/radiocresatelital.com\/index.php?rest_route=\/wp\/v2\/media\/12699"}],"wp:attachment":[{"href":"https:\/\/radiocresatelital.com\/index.php?rest_route=%2Fwp%2Fv2%2Fmedia&parent=12698"}],"wp:term":[{"taxonomy":"category","embeddable":true,"href":"https:\/\/radiocresatelital.com\/index.php?rest_route=%2Fwp%2Fv2%2Fcategories&post=12698"},{"taxonomy":"post_tag","embeddable":true,"href":"https:\/\/radiocresatelital.com\/index.php?rest_route=%2Fwp%2Fv2%2Ftags&post=12698"}],"curies":[{"name":"wp","href":"https:\/\/api.w.org\/{rel}","templated":true}]}}