{"id":12491,"date":"2024-03-27T20:55:52","date_gmt":"2024-03-27T20:55:52","guid":{"rendered":"https:\/\/radiocresatelital.com\/?p=12491"},"modified":"2024-03-27T20:56:35","modified_gmt":"2024-03-27T20:56:35","slug":"macrorrueda-de-negocios-de-la-camara-de-comercio-de-guayaquil-genero-mas-500-citas-de-negocios","status":"publish","type":"post","link":"https:\/\/radiocresatelital.com\/?p=12491","title":{"rendered":"Macrorrueda de negocios de la C\u00e1mara de Comercio de Guayaquil gener\u00f3 m\u00e1s 500 citas de negocios"},"content":{"rendered":"<p>Guayaquil.- La C\u00e1mara de Comercio de Guayaquil se enorgullece en anunciar el exitoso lanzamiento de la Macrorrueda de Negocios Multisectorial, un evento que ha reunido a m\u00e1s de 200 empresarios, con un total de m\u00e1s de 500 citas de negocios concretadas.<\/p>\n<p>El objetivo es ser la plataforma de exposici\u00f3n para empresas peque\u00f1as y emprendedores que buscan exponerse ante las empresas grandes y poder as\u00ed, ofertar sus productos o servicios.<\/p>\n<p>Entre las empresas participantes est\u00e1n: Alpina, Ford, Kywi, De Prati, Grand Hotel Guayaquil, Adidas, Holcim, Interlab, Azucarera Vald\u00e9z, Banco Bolivariano, Western Union, Universidad Casa, Mergama, Ollas Real, Centralfile, Intelarte, entre otros.<\/p>\n<p>Durante todo el evento, que se extender\u00e1 hasta las 18h00, habr\u00e1 conferencias gratuitas para la ciudadan\u00eda, abordando temas clave para el mundo empresarial:<\/p>\n<p>1. Ventas en tiempos dif\u00edciles<br \/>\n2. Desarrollo del Buyer Persona, la clave para atraer y convertir m\u00e1s<br \/>\nclientes en la era digital.<br \/>\n3. T\u00e9cnicas de negociaci\u00f3n.<br \/>\n4. Estrategias de contenido y SEO.<\/p>\n<p>Los resultados hablan por s\u00ed mismos: 550 citas de negocios, 34 marcas anclas, 30 auspiciantes, m\u00e1s de 200 empresas inscritas y 220 registradas en el networking, Hoy, diversas industrias se juntan en este evento: suministros, servicios profesionales, pl\u00e1sticos, construcci\u00f3n, textil, bebidas alcoh\u00f3licas, alimentos, servicios financieros, entre otros.<\/p>\n<p>\u201cEste es un evento simb\u00f3lico de lo que necesitamos en el pa\u00eds, este sonido del comercio expresa el movimiento que hoy, cerca de 1000 empresarios, se han dado cita buscando oportunidades de negocio. El comercio es el motor que genera progreso, bienestar y desarrollo. A pesar de la crisis, la C\u00e1mara de Comercio de Guayaquil seguir\u00e1 generando estos espacios que dinamizan la econom\u00eda del pa\u00eds\u201d mencion\u00f3 el presidente de la C\u00e1mara de Comercio de Guayaquil, economista Miguel \u00c1ngel Gonz\u00e1lez Guzm\u00e1n.<\/p>\n","protected":false},"excerpt":{"rendered":"<p>Guayaquil.- La C\u00e1mara de Comercio de Guayaquil se enorgullece en anunciar el exitoso lanzamiento de la Macrorrueda de Negocios Multisectorial, un evento que ha reunido a m\u00e1s de 200 empresarios, con un total de m\u00e1s de 500 citas de negocios concretadas. El objetivo es ser la plataforma de exposici\u00f3n para empresas peque\u00f1as y emprendedores que [&hellip;]<\/p>\n","protected":false},"author":2,"featured_media":12492,"comment_status":"open","ping_status":"closed","sticky":false,"template":"","format":"standard","meta":{"_jetpack_memberships_contains_paid_content":false,"footnotes":""},"categories":[13],"tags":[1532],"class_list":["post-12491","post","type-post","status-publish","format-standard","has-post-thumbnail","hentry","category-noticias-nacionales","tag-camara-de-comercio-de-guayaquil"],"jetpack_featured_media_url":"https:\/\/radiocresatelital.com\/wp-content\/uploads\/2024\/03\/CCG02257-scaled.jpg","jetpack_sharing_enabled":true,"_links":{"self":[{"href":"https:\/\/radiocresatelital.com\/index.php?rest_route=\/wp\/v2\/posts\/12491","targetHints":{"allow":["GET"]}}],"collection":[{"href":"https:\/\/radiocresatelital.com\/index.php?rest_route=\/wp\/v2\/posts"}],"about":[{"href":"https:\/\/radiocresatelital.com\/index.php?rest_route=\/wp\/v2\/types\/post"}],"author":[{"embeddable":true,"href":"https:\/\/radiocresatelital.com\/index.php?rest_route=\/wp\/v2\/users\/2"}],"replies":[{"embeddable":true,"href":"https:\/\/radiocresatelital.com\/index.php?rest_route=%2Fwp%2Fv2%2Fcomments&post=12491"}],"version-history":[{"count":2,"href":"https:\/\/radiocresatelital.com\/index.php?rest_route=\/wp\/v2\/posts\/12491\/revisions"}],"predecessor-version":[{"id":12494,"href":"https:\/\/radiocresatelital.com\/index.php?rest_route=\/wp\/v2\/posts\/12491\/revisions\/12494"}],"wp:featuredmedia":[{"embeddable":true,"href":"https:\/\/radiocresatelital.com\/index.php?rest_route=\/wp\/v2\/media\/12492"}],"wp:attachment":[{"href":"https:\/\/radiocresatelital.com\/index.php?rest_route=%2Fwp%2Fv2%2Fmedia&parent=12491"}],"wp:term":[{"taxonomy":"category","embeddable":true,"href":"https:\/\/radiocresatelital.com\/index.php?rest_route=%2Fwp%2Fv2%2Fcategories&post=12491"},{"taxonomy":"post_tag","embeddable":true,"href":"https:\/\/radiocresatelital.com\/index.php?rest_route=%2Fwp%2Fv2%2Ftags&post=12491"}],"curies":[{"name":"wp","href":"https:\/\/api.w.org\/{rel}","templated":true}]}}