{"id":1249,"date":"2023-07-14T22:36:35","date_gmt":"2023-07-14T22:36:35","guid":{"rendered":"https:\/\/radiocresatelital.com\/?p=1249"},"modified":"2023-07-14T22:36:35","modified_gmt":"2023-07-14T22:36:35","slug":"se-fortalecen-capacidades-en-gestion-de-riesgos-de-gobiernos-autonomos-descentralizados","status":"publish","type":"post","link":"https:\/\/radiocresatelital.com\/?p=1249","title":{"rendered":"Se fortalecen capacidades en gesti\u00f3n de riesgos de Gobiernos Aut\u00f3nomos Descentralizados"},"content":{"rendered":"<p>Quito.- La Secretar\u00eda de Gesti\u00f3n de Riesgos (SGR) desarrolla talleres dirigidos a los Gobiernos Aut\u00f3nomos Descentralizados a escala nacional sobre \u201cHerramientas pr\u00e1cticas para el manejo de emergencias en el contexto del Fen\u00f3meno El Ni\u00f1o\u201d cuyo objetivo principal es incrementar en los participantes los conocimientos m\u00e1s relevantes para la gesti\u00f3n de la evaluaci\u00f3n inicial de necesidades, alojamientos temporales, plan de respuesta y la coordinaci\u00f3n de la Mesa T\u00e9cnica 4 provincial\/cantonal, para su aplicaci\u00f3n en la atenci\u00f3n de la poblaci\u00f3n afectada y damnificada ante emergencias y desastres.<\/p>\n<p>Al momento se ha contado con la participaci\u00f3n de 62 GAD Municipales y 08 GAD Provinciales, que constan a continuaci\u00f3n:<\/p>\n<p><strong>Provincia del Guayas:<\/strong><br \/>\n\u2022 GAD provincial Guayas<br \/>\n\u2022 GAD municipal Balao<br \/>\n\u2022 GAD municipal Coronel Marcelino Maridue\u00f1a<br \/>\n\u2022 GAD municipal Dur\u00e1n<br \/>\n\u2022 GAD municipal General Antonio Elizalde<br \/>\n\u2022 GAD municipal Guayaquil<br \/>\n\u2022 GAD municipal Milagro<br \/>\n\u2022 GAD municipal Naranjal<br \/>\n\u2022 GAD municipal Naranjito<br \/>\n\u2022 GAD municipal Playas<br \/>\n\u2022 GAD municipal Samborond\u00f3n<br \/>\n\u2022 GAD municipal San Jacinto de Yaguachi<br \/>\n\u2022 GAD municipal Sim\u00f3n Bol\u00edvar<br \/>\n\u2022 GAD municipal Colimes<br \/>\n\u2022 GAD municipal Salitre<br \/>\n\u2022 GAD municipal Balzar<br \/>\n\u2022 GAD municipal Daule<br \/>\n\u2022 GAD municipal El Empalme<br \/>\n\u2022 GAD municipal Palestina<br \/>\n\u2022 GAD municipal Pedro Carbo<br \/>\n\u2022 GAD municipal Santa Luc\u00eda<br \/>\n<strong>Provincia de Santa Elena:<\/strong><br \/>\n\u2022 GAD municipal La Libertad<br \/>\n\u2022 GAD municipal Salinas<br \/>\n\u2022 GAD municipal Santa Elena<br \/>\n<strong>Provincia de Carchi<\/strong><br \/>\n\u2022 GAD municipal Espejo<br \/>\n\u2022 GAD municipal Mira<br \/>\n\u2022 GAD municipal Tulc\u00e1n<br \/>\n\u2022 GAD provincial Carchi<br \/>\n<strong>Provincia de Imbabura<\/strong><br \/>\n\u2022 GAD municipal Cotacachi<br \/>\n\u2022 GAD municipal Ibarra<br \/>\n\u2022 GAD municipal Otavalo<br \/>\n\u2022 GAD municipal San Miguel de Urcuqu\u00ed<br \/>\n\u2022 GAD provincial Imbabura<br \/>\n<strong>Provincia de Bol\u00edvar<\/strong><br \/>\n\u2022 GAD municipal Caluma<br \/>\n\u2022 GAD municipal Chillanes<br \/>\n\u2022 GAD municipal Chimbo<br \/>\n\u2022 GAD municipal Echeand\u00eda<br \/>\n\u2022 GAD municipal Las Naves<br \/>\n\u2022 GAD provincial Bol\u00edvar<br \/>\n<strong>Provincia de Los R\u00edos<\/strong><br \/>\n\u2022 GAD municipal Baba<br \/>\n\u2022 GAD municipal Babahoyo<br \/>\n\u2022 GAD municipal Buena Fe<br \/>\n\u2022 GAD municipal Mocache<br \/>\n\u2022 GAD municipal Palenque<br \/>\n\u2022 GAD municipal Puebloviejo<br \/>\n\u2022 GAD municipal Quevedo<br \/>\n\u2022 GAD municipal Urdaneta<br \/>\n\u2022 GAD municipal Valencia<br \/>\n\u2022 GAD municipal Ventanas<br \/>\n\u2022 GAD municipal Vinces<br \/>\n\u2022 GAD provincial Los R\u00edos<br \/>\n<strong>Provincia de Pichincha<\/strong><br \/>\n\u2022 GAD municipal Distrito Metropolitano de Quito<br \/>\n\u2022 GAD municipal Mej\u00eda<br \/>\n\u2022 GAD municipal Pedro Vicente Maldonado<br \/>\n\u2022 GAD municipal Puerto Quito<br \/>\n\u2022 GAD municipal San Miguel de Los Bancos<br \/>\n\u2022 GAD provincial Pichincha<br \/>\n<strong>Provincia de Cotopaxi<\/strong><br \/>\n\u2022 GAD municipal Pujil\u00ed<br \/>\n\u2022 GAD municipal Pangua<br \/>\n\u2022 GAD provincial Cotopaxi<br \/>\n<strong>Provincia de Esmeraldas<\/strong><br \/>\n\u2022 GAD municipal Atacames<br \/>\n\u2022 GAD municipal Eloy Alfaro<br \/>\n\u2022 GAD municipal Esmeraldas<br \/>\n\u2022 GAD municipal Muisne<br \/>\n\u2022 GAD municipal Rioverde<br \/>\n\u2022 GAD municipal San Lorenzo<br \/>\n\u2022 GAD provincial Esmeraldas<br \/>\n<strong>Provincia de Chimborazo<\/strong><br \/>\n\u2022 GAD municipal Alaus\u00ed<br \/>\n\u2022 GAD municipal Colta<br \/>\n\u2022 GAD municipal Pallatanga<\/p>\n<p>Daniel Rojas, de la Unidad de Gesti\u00f3n de Riesgos del GAD Naranjito resalt\u00f3 \u201cEste tipo de talleres aportan al fortalecimiento de conocimientos sobre los lineamientos, herramientas y normativas relacionadas a la gesti\u00f3n de riesgos para enfrentar al<br \/>\nFen\u00f3meno El Ni\u00f1o\u201d.<\/p>\n<p>Cada uno de estos talleres est\u00e1n dirigidos a los representantes de las Unidades de Gesti\u00f3n de Riesgos (o de las dependencias que cumplan sus funciones) de los Gobiernos Aut\u00f3nomos Descentralizados Municipales y Metropolitanos de los cantones y de los GAD Provinciales de la zona de influencia por ENOS.<\/p>\n<p>La metodolog\u00eda para el desarrollo del taller es interactiva y con casos pr\u00e1cticos, por lo que promueve la participaci\u00f3n activa y permanente de los asistentes, donde se combinan momentos de exposici\u00f3n con momentos de construcci\u00f3n de conocimientos.<\/p>\n<p>Esta Cartera de Estado continuar\u00e1 con la ejecuci\u00f3n de talleres para el fortalecimiento de capacidades en gesti\u00f3n de riesgos en el pa\u00eds.<\/p>\n","protected":false},"excerpt":{"rendered":"<p>Quito.- La Secretar\u00eda de Gesti\u00f3n de Riesgos (SGR) desarrolla talleres dirigidos a los Gobiernos Aut\u00f3nomos Descentralizados a escala nacional sobre \u201cHerramientas pr\u00e1cticas para el manejo de emergencias en el contexto del Fen\u00f3meno El Ni\u00f1o\u201d cuyo objetivo principal es incrementar en los participantes los conocimientos m\u00e1s relevantes para la gesti\u00f3n de la evaluaci\u00f3n inicial de necesidades, [&hellip;]<\/p>\n","protected":false},"author":2,"featured_media":1250,"comment_status":"open","ping_status":"closed","sticky":false,"template":"","format":"standard","meta":{"_jetpack_memberships_contains_paid_content":false,"footnotes":""},"categories":[13],"tags":[299],"class_list":["post-1249","post","type-post","status-publish","format-standard","has-post-thumbnail","hentry","category-noticias-nacionales","tag-secretaria-de-gestion-de-riesgos"],"jetpack_featured_media_url":"https:\/\/radiocresatelital.com\/wp-content\/uploads\/2023\/07\/d4eacb78-58f6-4d04-81be-49629fc66eaf.jpg","jetpack_sharing_enabled":true,"_links":{"self":[{"href":"https:\/\/radiocresatelital.com\/index.php?rest_route=\/wp\/v2\/posts\/1249","targetHints":{"allow":["GET"]}}],"collection":[{"href":"https:\/\/radiocresatelital.com\/index.php?rest_route=\/wp\/v2\/posts"}],"about":[{"href":"https:\/\/radiocresatelital.com\/index.php?rest_route=\/wp\/v2\/types\/post"}],"author":[{"embeddable":true,"href":"https:\/\/radiocresatelital.com\/index.php?rest_route=\/wp\/v2\/users\/2"}],"replies":[{"embeddable":true,"href":"https:\/\/radiocresatelital.com\/index.php?rest_route=%2Fwp%2Fv2%2Fcomments&post=1249"}],"version-history":[{"count":1,"href":"https:\/\/radiocresatelital.com\/index.php?rest_route=\/wp\/v2\/posts\/1249\/revisions"}],"predecessor-version":[{"id":1251,"href":"https:\/\/radiocresatelital.com\/index.php?rest_route=\/wp\/v2\/posts\/1249\/revisions\/1251"}],"wp:featuredmedia":[{"embeddable":true,"href":"https:\/\/radiocresatelital.com\/index.php?rest_route=\/wp\/v2\/media\/1250"}],"wp:attachment":[{"href":"https:\/\/radiocresatelital.com\/index.php?rest_route=%2Fwp%2Fv2%2Fmedia&parent=1249"}],"wp:term":[{"taxonomy":"category","embeddable":true,"href":"https:\/\/radiocresatelital.com\/index.php?rest_route=%2Fwp%2Fv2%2Fcategories&post=1249"},{"taxonomy":"post_tag","embeddable":true,"href":"https:\/\/radiocresatelital.com\/index.php?rest_route=%2Fwp%2Fv2%2Ftags&post=1249"}],"curies":[{"name":"wp","href":"https:\/\/api.w.org\/{rel}","templated":true}]}}