{"id":12481,"date":"2024-03-27T20:26:58","date_gmt":"2024-03-27T20:26:58","guid":{"rendered":"https:\/\/radiocresatelital.com\/?p=12481"},"modified":"2024-03-27T20:26:58","modified_gmt":"2024-03-27T20:26:58","slug":"gobierno-nacional-insta-a-la-ciudadania-a-respaldar-la-consulta-popular-para-fortalecer-la-seguridad","status":"publish","type":"post","link":"https:\/\/radiocresatelital.com\/?p=12481","title":{"rendered":"Gobierno Nacional Insta a la Ciudadan\u00eda a Respaldar la Consulta Popular para Fortalecer la Seguridad"},"content":{"rendered":"<p>Quito.- La ministra del Interior (e), M\u00f3nica Palencia, inform\u00f3 sobre las acciones que ejecuta el Gobierno Nacional para fortalecer la seguridad ciudadana. Durante una entrevista, se solidariz\u00f3 con las v\u00edctimas de la violencia ocurrida este fin de semana y mencion\u00f3 que se ha registrado una disminuci\u00f3ndel 27.7 % en muertes violentas. Comparado con el mismo periodo del a\u00f1o anterior, donde se \u00a0registraron 2.814 homicidios intencionales, actualmente la cifra se sit\u00faa en 2.034.<\/p>\n<p>En lo que respecta a diversos delitos, se ha observado una reducci\u00f3n del 19,6%: \u201cTenemos una respuesta eficiente. De un total de 29.823 delitos con un promedio semanal de 1.754; durante este periodo de administraci\u00f3n de Daniel Noboa, hemos registrado 23.970 delitos con un \u00a0promedio de 1.410\u201d, se\u00f1al\u00f3 la Ministra.<\/p>\n<p>En cuanto al combate contra secuestros y extorsiones, la autoridad gubernamental destac\u00f3 que desde el 18 de marzo de 2024 se ha implementado una respuesta coordinada, con \u00a0la creaci\u00f3n del Frente de Investigaci\u00f3n contra la Extorsi\u00f3n (FICE), estructura que agrupa a varias unidades de la Polic\u00eda Nacional.<\/p>\n<p>La ministra Palencia hizo un llamado para apoyar la Consulta Popular, con el objetivo de garantizar el repsaldo a la institucionalidad de las fuerzas del orden en la lucha contra el crimen organizado, el narcotr\u00e1fico y la delincuencia com\u00fan: \u201cTenemos que abarcar muchos frentes para trabajar por la seguridad en nuestro pa\u00eds, en Latinoam\u00e9rica y la Seguridad Hemisf\u00e9rica. Es fundamental \u00a0hacer un llamado por el S\u00ed. Este apoyo es crucial para el pa\u00eds y su institucionalidad\u201d.<\/p>\n<p>Asimismo, destac\u00f3 que existen varios acuerdos para fortalecer a la Polic\u00eda Nacional y mencion\u00f3 el trabajo que realizan los ministerios de Gobierno e Interior, a trav\u00e9s de diversos programas para establecer Comunidades para la Paz. \u201cVamos a articular unidades en territorio para tener una presencia estatal. Con este programa, y en respuesta a la ciudadan\u00eda,\u00a0 22 instituciones p\u00fablicas estar\u00e1n presentes en los espacios de recuperaci\u00f3n\u201d, afirm\u00f3 Palencia.<\/p>\n<p>Finalmente, la Ministra del Interior resalt\u00f3 que el trabajo que ejecuta el Estado involucra, adem\u00e1s de la presencia de la Polic\u00eda Nacional y Fuerzas Armadas, el fortalecimiento de las capacidades de la gobernanza para la seguridad ciudadana; espec\u00edficamente, en lo que respecta a las acciones para proteger a mujeres, ni\u00f1os, ni\u00f1as y adolescentes, mediante medidas administrativas que garanticen su bienestar durante el conflicto armado interno.<\/p>\n","protected":false},"excerpt":{"rendered":"<p>Quito.- La ministra del Interior (e), M\u00f3nica Palencia, inform\u00f3 sobre las acciones que ejecuta el Gobierno Nacional para fortalecer la seguridad ciudadana. Durante una entrevista, se solidariz\u00f3 con las v\u00edctimas de la violencia ocurrida este fin de semana y mencion\u00f3 que se ha registrado una disminuci\u00f3ndel 27.7 % en muertes violentas. Comparado con el mismo [&hellip;]<\/p>\n","protected":false},"author":2,"featured_media":12482,"comment_status":"open","ping_status":"closed","sticky":false,"template":"","format":"standard","meta":{"_jetpack_memberships_contains_paid_content":false,"footnotes":""},"categories":[13],"tags":[2075,1337],"class_list":["post-12481","post","type-post","status-publish","format-standard","has-post-thumbnail","hentry","category-noticias-nacionales","tag-ministra-del-interior","tag-monica-palencia"],"jetpack_featured_media_url":"https:\/\/radiocresatelital.com\/wp-content\/uploads\/2024\/03\/photo1711542572.jpeg","jetpack_sharing_enabled":true,"_links":{"self":[{"href":"https:\/\/radiocresatelital.com\/index.php?rest_route=\/wp\/v2\/posts\/12481","targetHints":{"allow":["GET"]}}],"collection":[{"href":"https:\/\/radiocresatelital.com\/index.php?rest_route=\/wp\/v2\/posts"}],"about":[{"href":"https:\/\/radiocresatelital.com\/index.php?rest_route=\/wp\/v2\/types\/post"}],"author":[{"embeddable":true,"href":"https:\/\/radiocresatelital.com\/index.php?rest_route=\/wp\/v2\/users\/2"}],"replies":[{"embeddable":true,"href":"https:\/\/radiocresatelital.com\/index.php?rest_route=%2Fwp%2Fv2%2Fcomments&post=12481"}],"version-history":[{"count":1,"href":"https:\/\/radiocresatelital.com\/index.php?rest_route=\/wp\/v2\/posts\/12481\/revisions"}],"predecessor-version":[{"id":12483,"href":"https:\/\/radiocresatelital.com\/index.php?rest_route=\/wp\/v2\/posts\/12481\/revisions\/12483"}],"wp:featuredmedia":[{"embeddable":true,"href":"https:\/\/radiocresatelital.com\/index.php?rest_route=\/wp\/v2\/media\/12482"}],"wp:attachment":[{"href":"https:\/\/radiocresatelital.com\/index.php?rest_route=%2Fwp%2Fv2%2Fmedia&parent=12481"}],"wp:term":[{"taxonomy":"category","embeddable":true,"href":"https:\/\/radiocresatelital.com\/index.php?rest_route=%2Fwp%2Fv2%2Fcategories&post=12481"},{"taxonomy":"post_tag","embeddable":true,"href":"https:\/\/radiocresatelital.com\/index.php?rest_route=%2Fwp%2Fv2%2Ftags&post=12481"}],"curies":[{"name":"wp","href":"https:\/\/api.w.org\/{rel}","templated":true}]}}