{"id":12465,"date":"2024-03-26T23:46:53","date_gmt":"2024-03-26T23:46:53","guid":{"rendered":"https:\/\/radiocresatelital.com\/?p=12465"},"modified":"2024-03-26T23:46:53","modified_gmt":"2024-03-26T23:46:53","slug":"trece-mercados-municipales-de-guayaquil-ofrecen-la-tradicional-fanesca","status":"publish","type":"post","link":"https:\/\/radiocresatelital.com\/?p=12465","title":{"rendered":"Trece mercados municipales de Guayaquil ofrecen la tradicional fanesca"},"content":{"rendered":"<p>Guayaquil.- La Perla del Pac\u00edfico cuenta con 13 mercados en los que ya se puede degustar la fanesca, un plato tradicional que se prepara durante la Semana Santa. La preparaci\u00f3n y venta de ingredientes de la fanesca se populariza en los mercados de la ciudad todos los a\u00f1os. Es por ello, que la Alcald\u00eda de Guayaquil, a trav\u00e9s de la Direcci\u00f3n de Aseo Cantonal, Mercados y Servicios Especiales (DACMSE), invita a los ciudadanos a visitar centros de abastos en este feriado.<\/p>\n<p>Zoila Barrag\u00e1n, comerciante del Mercado Central, comenta que tiene 50 a\u00f1os preparando la fanesca en el \u00e1rea de los comedores. \u201cLleva 12 granos especiales y el rico bacalao original. Muy exquisita mi fanesca y precios para el pueblo desde USD 4 en adelante\u201d. Una familia de cuatro personas podr\u00eda gastar hasta USD 20 por degustar la fanesca en los mercados.<\/p>\n<p>Por su parte, Jos\u00e9 Luis Guam\u00e1n, comerciante de los ingredientes para la preparaci\u00f3n de la fanesca, mencion\u00f3 que los precios de los productos van desde USD 1 en adelante. \u201cAqu\u00ed se vende seg\u00fan lo que piden los consumidores, esa es la atenci\u00f3n que le damos a los ciudadanos\u201d, acot\u00f3.<\/p>\n<p>Emilio Cordova visit\u00f3 el Mercado Central para comprar los ingredientes. \u201cLlevo el pescado bacalao para la fanesca. Hace a\u00f1os que no ven\u00eda a este mercado, lo encuentro limpio y muy bonito\u201d. Por otro lado, Margarita Medina, mencion\u00f3: \u201cllevo toda clase de frejol, los precios est\u00e1n econ\u00f3micos. A todos les digo que se animen a preparar la fanesca en esta Semana Santa\u201d.<\/p>\n<p>Durante esta festividad cristiana, la venta de granos como el panamito, frejol, lenteja y frejol rojo o cholo se incrementa en un 60% en los mercados municipales. El pescado que se usa en este plato t\u00edpico es el bacalao, lisa y dorado, seg\u00fan el presupuesto del cliente.<\/p>\n<p>Los centros de abastos donde se puede degustar la fanesca son: Mercado Central, Caraguay, Chong\u00f3n, Basti\u00f3n Popular, Pascuales, Florida, Puerto Hondo, Sauces 9, Parador Tur\u00edstico Km. 24 (entrada a Chong\u00f3n), Vergeles, Martha de Rold\u00f3s, Mapasingue Oeste y Guasmo Sur.<\/p>\n<p>A los ciudadanos que decidan acudir a los mercados municipales a realizar sus compras en este feriado se les recuerda que cuentan con estacionamiento, seguridad, orden y limpieza en cada uno de los abastos donde se expender\u00e1n los productos y la fanesca preparada. El horario de atenci\u00f3n al p\u00fablico es de 06h00 a 16h00 locales (11h00 a 21h00 GMT), de lunes a domingo.<\/p>\n","protected":false},"excerpt":{"rendered":"<p>Guayaquil.- La Perla del Pac\u00edfico cuenta con 13 mercados en los que ya se puede degustar la fanesca, un plato tradicional que se prepara durante la Semana Santa. La preparaci\u00f3n y venta de ingredientes de la fanesca se populariza en los mercados de la ciudad todos los a\u00f1os. Es por ello, que la Alcald\u00eda de [&hellip;]<\/p>\n","protected":false},"author":2,"featured_media":12466,"comment_status":"open","ping_status":"closed","sticky":false,"template":"","format":"standard","meta":{"_jetpack_memberships_contains_paid_content":false,"footnotes":""},"categories":[33,13],"tags":[2074],"class_list":["post-12465","post","type-post","status-publish","format-standard","has-post-thumbnail","hentry","category-guayaquil","category-noticias-nacionales","tag-mercados-de-guayaquil"],"jetpack_featured_media_url":"https:\/\/radiocresatelital.com\/wp-content\/uploads\/2024\/03\/WhatsApp-Image-2024-03-26-at-17.18.53.jpeg","jetpack_sharing_enabled":true,"_links":{"self":[{"href":"https:\/\/radiocresatelital.com\/index.php?rest_route=\/wp\/v2\/posts\/12465","targetHints":{"allow":["GET"]}}],"collection":[{"href":"https:\/\/radiocresatelital.com\/index.php?rest_route=\/wp\/v2\/posts"}],"about":[{"href":"https:\/\/radiocresatelital.com\/index.php?rest_route=\/wp\/v2\/types\/post"}],"author":[{"embeddable":true,"href":"https:\/\/radiocresatelital.com\/index.php?rest_route=\/wp\/v2\/users\/2"}],"replies":[{"embeddable":true,"href":"https:\/\/radiocresatelital.com\/index.php?rest_route=%2Fwp%2Fv2%2Fcomments&post=12465"}],"version-history":[{"count":1,"href":"https:\/\/radiocresatelital.com\/index.php?rest_route=\/wp\/v2\/posts\/12465\/revisions"}],"predecessor-version":[{"id":12467,"href":"https:\/\/radiocresatelital.com\/index.php?rest_route=\/wp\/v2\/posts\/12465\/revisions\/12467"}],"wp:featuredmedia":[{"embeddable":true,"href":"https:\/\/radiocresatelital.com\/index.php?rest_route=\/wp\/v2\/media\/12466"}],"wp:attachment":[{"href":"https:\/\/radiocresatelital.com\/index.php?rest_route=%2Fwp%2Fv2%2Fmedia&parent=12465"}],"wp:term":[{"taxonomy":"category","embeddable":true,"href":"https:\/\/radiocresatelital.com\/index.php?rest_route=%2Fwp%2Fv2%2Fcategories&post=12465"},{"taxonomy":"post_tag","embeddable":true,"href":"https:\/\/radiocresatelital.com\/index.php?rest_route=%2Fwp%2Fv2%2Ftags&post=12465"}],"curies":[{"name":"wp","href":"https:\/\/api.w.org\/{rel}","templated":true}]}}