{"id":1246,"date":"2023-07-14T22:11:02","date_gmt":"2023-07-14T22:11:02","guid":{"rendered":"https:\/\/radiocresatelital.com\/?p=1246"},"modified":"2023-07-14T22:11:02","modified_gmt":"2023-07-14T22:11:02","slug":"intendencia-de-policia-del-guayas-realiza-intervencion-en-establecimientos-en-distrito-portete","status":"publish","type":"post","link":"https:\/\/radiocresatelital.com\/?p=1246","title":{"rendered":"Intendencia de Policia del Guayas realiza intervenci\u00f3n en establecimientos en distrito Portete"},"content":{"rendered":"<p>Guayaquil.- En un operativo de control llevado a cabo la noche del jueves 13 de julio, la Intendencia de Polic\u00eda del Guayas intervino bares, discotecas, licoreras, tiendas y centros de tolerancia en el Distrito Portete.<\/p>\n<p>El intendente Jos\u00e9 Andr\u00e9s Ortiz encabez\u00f3 esta acci\u00f3n, acompa\u00f1ado por un contingente de polic\u00edas y comisarios.<\/p>\n<p>Como resultado de esta medida, se procedi\u00f3 a la clausura de un establecimiento y se emitieron citaciones por diversas infracciones.<\/p>\n<p>Durante el operativo, los uniformados realizaron revisiones en las entradas y salidas de los locales para asegurarse de que los clientes no portaran armas de ning\u00fan tipo ni sustancias sujetas a supervisi\u00f3n. Asimismo, se detect\u00f3 el incumplimiento de los horarios de funcionamiento establecidos para los diferentes establecimientos.<\/p>\n<p>Otra de las irregularidades encontradas fue la presencia de personas indocumentadas, quienes fueron detenidas. \u201cLa Intendencia General de Polic\u00eda contin\u00faa realizando operativos de control a nivel provincial, con el objetivo de mantener el orden y garantizar el cumplimiento de las normativas vigentes\u201d, afirm\u00f3 el intendente Ortiz.<\/p>\n","protected":false},"excerpt":{"rendered":"<p>Guayaquil.- En un operativo de control llevado a cabo la noche del jueves 13 de julio, la Intendencia de Polic\u00eda del Guayas intervino bares, discotecas, licoreras, tiendas y centros de tolerancia en el Distrito Portete. El intendente Jos\u00e9 Andr\u00e9s Ortiz encabez\u00f3 esta acci\u00f3n, acompa\u00f1ado por un contingente de polic\u00edas y comisarios. Como resultado de esta [&hellip;]<\/p>\n","protected":false},"author":2,"featured_media":1247,"comment_status":"open","ping_status":"closed","sticky":false,"template":"","format":"standard","meta":{"_jetpack_memberships_contains_paid_content":false,"footnotes":""},"categories":[13],"tags":[112],"class_list":["post-1246","post","type-post","status-publish","format-standard","has-post-thumbnail","hentry","category-noticias-nacionales","tag-intendencia-del-guayas"],"jetpack_featured_media_url":"https:\/\/radiocresatelital.com\/wp-content\/uploads\/2023\/07\/63540f89-19b0-41bd-8d65-3da44c35ce93.jpg","jetpack_sharing_enabled":true,"_links":{"self":[{"href":"https:\/\/radiocresatelital.com\/index.php?rest_route=\/wp\/v2\/posts\/1246","targetHints":{"allow":["GET"]}}],"collection":[{"href":"https:\/\/radiocresatelital.com\/index.php?rest_route=\/wp\/v2\/posts"}],"about":[{"href":"https:\/\/radiocresatelital.com\/index.php?rest_route=\/wp\/v2\/types\/post"}],"author":[{"embeddable":true,"href":"https:\/\/radiocresatelital.com\/index.php?rest_route=\/wp\/v2\/users\/2"}],"replies":[{"embeddable":true,"href":"https:\/\/radiocresatelital.com\/index.php?rest_route=%2Fwp%2Fv2%2Fcomments&post=1246"}],"version-history":[{"count":1,"href":"https:\/\/radiocresatelital.com\/index.php?rest_route=\/wp\/v2\/posts\/1246\/revisions"}],"predecessor-version":[{"id":1248,"href":"https:\/\/radiocresatelital.com\/index.php?rest_route=\/wp\/v2\/posts\/1246\/revisions\/1248"}],"wp:featuredmedia":[{"embeddable":true,"href":"https:\/\/radiocresatelital.com\/index.php?rest_route=\/wp\/v2\/media\/1247"}],"wp:attachment":[{"href":"https:\/\/radiocresatelital.com\/index.php?rest_route=%2Fwp%2Fv2%2Fmedia&parent=1246"}],"wp:term":[{"taxonomy":"category","embeddable":true,"href":"https:\/\/radiocresatelital.com\/index.php?rest_route=%2Fwp%2Fv2%2Fcategories&post=1246"},{"taxonomy":"post_tag","embeddable":true,"href":"https:\/\/radiocresatelital.com\/index.php?rest_route=%2Fwp%2Fv2%2Ftags&post=1246"}],"curies":[{"name":"wp","href":"https:\/\/api.w.org\/{rel}","templated":true}]}}