{"id":12446,"date":"2024-03-26T21:42:48","date_gmt":"2024-03-26T21:42:48","guid":{"rendered":"https:\/\/radiocresatelital.com\/?p=12446"},"modified":"2024-03-26T21:42:48","modified_gmt":"2024-03-26T21:42:48","slug":"msp-contribuye-a-las-buenas-practicas-de-regulacion-en-los-productos-medicos","status":"publish","type":"post","link":"https:\/\/radiocresatelital.com\/?p=12446","title":{"rendered":"MSP contribuye a las buenas pr\u00e1cticas de regulaci\u00f3n en los productos m\u00e9dicos"},"content":{"rendered":"<p>Quito.- En las instalaciones de la Universidad San Francisco de Quito, el subsecretario de Rector\u00eda del Sistema Nacional de Salud, Jos\u00e9 Garnica, en representaci\u00f3n del Ministerio de Salud P\u00fablica, inaugur\u00f3 el taller de \u201cBuenas Pr\u00e1cticas de Confianza Regulatoria\u201d, dictado por el Centro de Innovaci\u00f3n en Ciencias Regulatorias del Reino Unido.<\/p>\n<p>En la jornada de este martes 26 de marzo, el subsecretario Garnica destac\u00f3 la importancia de una regulaci\u00f3n s\u00f3lida y eficaz de los productos m\u00e9dicos como una parte primordial del desempe\u00f1o y la sostenibilidad del Sistema Nacional de Salud.\u00a0 \u201cCon un sistema regulatorio moderno, receptivo y basado en la ciencia, se mejorar\u00e1 el acceso a las tecnolog\u00edas sanitarias m\u00e1s efectivas, seguras y de calidad garantizada\u201d, a\u00f1adi\u00f3 el funcionario.<\/p>\n<p>En la jornada de aprendizaje, en la que particip\u00f3 el embajador Brit\u00e1nico, Chris Campbel y autoridades de la Agencia Nacional de Regulaci\u00f3n, Control y Vigilancia Sanitaria (ARCSA) se revis\u00f3 la experiencia latinoamericana en la utilizaci\u00f3n de las pr\u00e1cticas de Confianza Regulatoria.<\/p>\n<p>El Subsecretario durante su intervenci\u00f3n, asegur\u00f3 que desde el MSP se garantizan las buenas pr\u00e1cticas que contribuyan a que los sistemas regulatorios permanezcan actualizados a medida que las tecnolog\u00edas y sistemas en los que se utilizan sigan evolucionando en un entorno interconectado.<\/p>\n","protected":false},"excerpt":{"rendered":"<p>Quito.- En las instalaciones de la Universidad San Francisco de Quito, el subsecretario de Rector\u00eda del Sistema Nacional de Salud, Jos\u00e9 Garnica, en representaci\u00f3n del Ministerio de Salud P\u00fablica, inaugur\u00f3 el taller de \u201cBuenas Pr\u00e1cticas de Confianza Regulatoria\u201d, dictado por el Centro de Innovaci\u00f3n en Ciencias Regulatorias del Reino Unido. En la jornada de este [&hellip;]<\/p>\n","protected":false},"author":2,"featured_media":12447,"comment_status":"open","ping_status":"closed","sticky":false,"template":"","format":"standard","meta":{"_jetpack_memberships_contains_paid_content":false,"footnotes":""},"categories":[13],"tags":[148,2069],"class_list":["post-12446","post","type-post","status-publish","format-standard","has-post-thumbnail","hentry","category-noticias-nacionales","tag-ministerio-de-salud-publica","tag-universidad-san-francisco-de-quito"],"jetpack_featured_media_url":"https:\/\/radiocresatelital.com\/wp-content\/uploads\/2024\/03\/WhatsApp-Image-2024-03-26-at-10.54.05-AM-1536x1152-1.jpeg","jetpack_sharing_enabled":true,"_links":{"self":[{"href":"https:\/\/radiocresatelital.com\/index.php?rest_route=\/wp\/v2\/posts\/12446","targetHints":{"allow":["GET"]}}],"collection":[{"href":"https:\/\/radiocresatelital.com\/index.php?rest_route=\/wp\/v2\/posts"}],"about":[{"href":"https:\/\/radiocresatelital.com\/index.php?rest_route=\/wp\/v2\/types\/post"}],"author":[{"embeddable":true,"href":"https:\/\/radiocresatelital.com\/index.php?rest_route=\/wp\/v2\/users\/2"}],"replies":[{"embeddable":true,"href":"https:\/\/radiocresatelital.com\/index.php?rest_route=%2Fwp%2Fv2%2Fcomments&post=12446"}],"version-history":[{"count":1,"href":"https:\/\/radiocresatelital.com\/index.php?rest_route=\/wp\/v2\/posts\/12446\/revisions"}],"predecessor-version":[{"id":12448,"href":"https:\/\/radiocresatelital.com\/index.php?rest_route=\/wp\/v2\/posts\/12446\/revisions\/12448"}],"wp:featuredmedia":[{"embeddable":true,"href":"https:\/\/radiocresatelital.com\/index.php?rest_route=\/wp\/v2\/media\/12447"}],"wp:attachment":[{"href":"https:\/\/radiocresatelital.com\/index.php?rest_route=%2Fwp%2Fv2%2Fmedia&parent=12446"}],"wp:term":[{"taxonomy":"category","embeddable":true,"href":"https:\/\/radiocresatelital.com\/index.php?rest_route=%2Fwp%2Fv2%2Fcategories&post=12446"},{"taxonomy":"post_tag","embeddable":true,"href":"https:\/\/radiocresatelital.com\/index.php?rest_route=%2Fwp%2Fv2%2Ftags&post=12446"}],"curies":[{"name":"wp","href":"https:\/\/api.w.org\/{rel}","templated":true}]}}