{"id":12433,"date":"2024-03-26T21:03:00","date_gmt":"2024-03-26T21:03:00","guid":{"rendered":"https:\/\/radiocresatelital.com\/?p=12433"},"modified":"2024-03-26T21:03:00","modified_gmt":"2024-03-26T21:03:00","slug":"msp-presenta-aplicativo-para-acceder-por-georreferencia-a-servicios-de-salud-para-victimas-de-violencia-basada-en-genero","status":"publish","type":"post","link":"https:\/\/radiocresatelital.com\/?p=12433","title":{"rendered":"MSP presenta aplicativo para acceder por georreferencia a servicios de salud para v\u00edctimas de violencia basada en g\u00e9nero"},"content":{"rendered":"<p>Quito.-\u00a0Se realiza el lanzamiento del aplicativo web \u201cAcci\u00f3n en Salud: Violencia Basada en G\u00e9nero\u201d para el acceso r\u00e1pido de la ubicaci\u00f3n de establecimientos de salud con servicios de atenci\u00f3n y acogida inicial en casos de violencia.<\/p>\n<p>Desde este martes 26 de marzo, el Ministerio de Salud P\u00fablica (MSP) pone a disposici\u00f3n el aplicativo web \u201cAcci\u00f3n en Salud: Violencia Basada en G\u00e9nero\u201d que permite dar respuesta al \u00bfqu\u00e9 puedo hacer? y, a \u00bfd\u00f3nde puedo ir?, interrogantes que las v\u00edctimas de violencia se preguntan, muchas veces, en medio de la incertidumbre y el desconocimiento.<\/p>\n<p>Una de las primeras acciones que puede hacer una v\u00edctima de violencia sea esta: f\u00edsica, sexual o psicol\u00f3gica es acudir a un establecimiento de salud para ser atendido sea por consulta externa o por emergencia. En este primer paso, el aplicativo permite a la v\u00edctima o su familiar buscar el establecimiento m\u00e1s cercano a su ubicaci\u00f3n de ese momento, al contar con georreferencia.<\/p>\n<p>El Ministro de Salud P\u00fablica, Franklin Encalada, detall\u00f3 que esta cartera de Estado cuenta con 237 salas de emergencia con el Servicio de Primera Atenci\u00f3n y 15 Salas de Primera Acogida a nivel nacional. \u201cEstas dos prestaciones tienen como objetivo brindar atenci\u00f3n integral en salud\u201d, a\u00f1adi\u00f3 el ministro.<\/p>\n<p>En el caso de la Salas de Primera Acogida, los profesionales de salud que trabajan en el lugar est\u00e1n habilitados con competencias periciales con el objetivo de facilitar el acceso al Sistema Nacional de Justicia a las v\u00edctimas y la oportuna gesti\u00f3n en casos de delitos sexuales. Al respecto, Nicole Bonifaz, presidenta del Consejo de Participaci\u00f3n Ciudadana y Control Social (CPCCS), destac\u00f3 \u201cfelicito al Ministerio de Salud P\u00fablica por fortalecer la atenci\u00f3n a las v\u00edctimas contribuyendo activamente a la investigaci\u00f3n y sanci\u00f3n penal de estos hechos\u201d.<\/p>\n<p>Jennifer Titua\u00f1a, usuaria del aplicativo detall\u00f3 lo f\u00e1cil que es poder acceder a informaci\u00f3n, ya que adem\u00e1s de acudir a un establecimiento de salud cercano, la plataforma te indica que por seguridad realices una denuncia en un UPC o a trav\u00e9s del ECU911 y que puedes acceder a la l\u00ednea gratuita 171 opci\u00f3n 2 si est\u00e1s viviendo o requieres conocer sobre violencia de g\u00e9nero.<\/p>\n<p>El MSP registra 14.747 atenciones de salud en el \u00e1mbito de violencia f\u00edsica, psicol\u00f3gica o sexual, en el a\u00f1o 2023 y 1.110 atenciones de salud en ese mismo \u00e1mbito, en lo que va del 2024.\u00a0 La Directora Nacional de Derechos Humanos, G\u00e9nero e Inclusi\u00f3n del MSP, Lorena Guti\u00e9rrez, a\u00f1adi\u00f3 que el aplicativo \u201cAcci\u00f3n en Salud: Violencia Basada en G\u00e9nero\u201d tambi\u00e9n contiene estad\u00edsticas relacionadas a las atenciones brindadas a este grupo prioritario en salud, para el an\u00e1lisis de los datos por parte de la sociedad civil y la generaci\u00f3n de pol\u00edticas p\u00fablicas en salud.<\/p>\n<p>Durante el lanzamiento de la herramienta digital que se realiz\u00f3 en Quito, el ministro Encalada anunci\u00f3 que a partir del 1 de abril, alrededor de 50 mil profesionales de la salud, acceder\u00e1n a un curso auto instruccional sobre la \u201cNorma T\u00e9cnica de Atenci\u00f3n Integral a V\u00edctimas de Violencia Basada en G\u00e9nero y Graves Violaciones a los Derechos Humanos\u201d, lo que fortalecer\u00e1 la aplicaci\u00f3n de pol\u00edticas y programas de salud p\u00fablica y servicios sociales dirigidos a prevenir la violencia y mitigar sus efectos, un reto del Gobierno Nacional.<\/p>\n","protected":false},"excerpt":{"rendered":"<p>Quito.-\u00a0Se realiza el lanzamiento del aplicativo web \u201cAcci\u00f3n en Salud: Violencia Basada en G\u00e9nero\u201d para el acceso r\u00e1pido de la ubicaci\u00f3n de establecimientos de salud con servicios de atenci\u00f3n y acogida inicial en casos de violencia. Desde este martes 26 de marzo, el Ministerio de Salud P\u00fablica (MSP) pone a disposici\u00f3n el aplicativo web \u201cAcci\u00f3n [&hellip;]<\/p>\n","protected":false},"author":2,"featured_media":12434,"comment_status":"open","ping_status":"closed","sticky":false,"template":"","format":"standard","meta":{"_jetpack_memberships_contains_paid_content":false,"footnotes":""},"categories":[13],"tags":[148],"class_list":["post-12433","post","type-post","status-publish","format-standard","has-post-thumbnail","hentry","category-noticias-nacionales","tag-ministerio-de-salud-publica"],"jetpack_featured_media_url":"https:\/\/radiocresatelital.com\/wp-content\/uploads\/2024\/03\/WhatsApp-Image-2024-03-26-at-10.33.04-AM-1024x576-1.jpeg","jetpack_sharing_enabled":true,"_links":{"self":[{"href":"https:\/\/radiocresatelital.com\/index.php?rest_route=\/wp\/v2\/posts\/12433","targetHints":{"allow":["GET"]}}],"collection":[{"href":"https:\/\/radiocresatelital.com\/index.php?rest_route=\/wp\/v2\/posts"}],"about":[{"href":"https:\/\/radiocresatelital.com\/index.php?rest_route=\/wp\/v2\/types\/post"}],"author":[{"embeddable":true,"href":"https:\/\/radiocresatelital.com\/index.php?rest_route=\/wp\/v2\/users\/2"}],"replies":[{"embeddable":true,"href":"https:\/\/radiocresatelital.com\/index.php?rest_route=%2Fwp%2Fv2%2Fcomments&post=12433"}],"version-history":[{"count":1,"href":"https:\/\/radiocresatelital.com\/index.php?rest_route=\/wp\/v2\/posts\/12433\/revisions"}],"predecessor-version":[{"id":12435,"href":"https:\/\/radiocresatelital.com\/index.php?rest_route=\/wp\/v2\/posts\/12433\/revisions\/12435"}],"wp:featuredmedia":[{"embeddable":true,"href":"https:\/\/radiocresatelital.com\/index.php?rest_route=\/wp\/v2\/media\/12434"}],"wp:attachment":[{"href":"https:\/\/radiocresatelital.com\/index.php?rest_route=%2Fwp%2Fv2%2Fmedia&parent=12433"}],"wp:term":[{"taxonomy":"category","embeddable":true,"href":"https:\/\/radiocresatelital.com\/index.php?rest_route=%2Fwp%2Fv2%2Fcategories&post=12433"},{"taxonomy":"post_tag","embeddable":true,"href":"https:\/\/radiocresatelital.com\/index.php?rest_route=%2Fwp%2Fv2%2Ftags&post=12433"}],"curies":[{"name":"wp","href":"https:\/\/api.w.org\/{rel}","templated":true}]}}