{"id":12400,"date":"2024-03-25T20:55:19","date_gmt":"2024-03-25T20:55:19","guid":{"rendered":"https:\/\/radiocresatelital.com\/?p=12400"},"modified":"2024-03-25T22:55:31","modified_gmt":"2024-03-25T22:55:31","slug":"ecuador-contara-con-el-primer-esquema-de-ecoetiquetado-tipo-i-gracias-a-implementacion-de-proyecto-ecoadvance","status":"publish","type":"post","link":"https:\/\/radiocresatelital.com\/?p=12400","title":{"rendered":"Ecuador contar\u00e1 con el primer esquema de Ecoetiquetado Tipo I gracias a implementaci\u00f3n de Proyecto EcoAdvance"},"content":{"rendered":"<p>Quito.- Ecuador contar\u00e1 con el primer esquema de eco-etiquetado tipo I, una herramienta que proporcionar\u00e1 a los consumidores informaci\u00f3n transparente y confiable sobre el desempe\u00f1o ambiental de los productos o servicios, para permitirles una decisi\u00f3n de compra m\u00e1s informada y consciente.<\/p>\n<p>El anuncio fue realizado en la ciudad de Quito, por la Corporaci\u00f3n para la Responsabilidad Social &amp; Sostenibilidad CERES, quien estar\u00e1 a cargo del desarrollo de este esquema, como parte del Proyecto Eco-Advance: Eco Etiquetados y Contrataci\u00f3n P\u00fablica Sostenible, ejecutado y desarrollado por la Cooperaci\u00f3n Alemana GIZ, PNUMA, \u00d6ko-Institut y el One Planet Network, con el apoyo financiero del Ministerio Federal Alem\u00e1n de Medio Ambiente, Protecci\u00f3n de la Naturaleza, Seguridad Nuclear y Protecci\u00f3n al Consumidor (BMUV) de Alemania, a trav\u00e9s de la Iniciativa Internacional para el Clima (IKI).<\/p>\n<p>Durante la jornada, \u00c1ngel Sandoval, Subsecretario de Cambio Clim\u00e1tico del MAATE; Julio Mor\u00e1n, Asesor T\u00e9cnico Proyecto Regional Eco-Advance; y Evangelina G\u00f3mez-Dura\u00f1ona, directora ejecutiva de CERES, aseguraron que iniciativas como esta, propician la transparencia, la contrataci\u00f3n p\u00fablica sostenible (SPP), y el compromiso del sector privado con la mitigaci\u00f3n del cambio clim\u00e1tico, la biodiversidad y la protecci\u00f3n de los recursos.<\/p>\n<p>Las Ecoetiquetas (tipo I), son otorgadas en base a est\u00e1ndares rigurosos, independientes y transparentes, que se otorga a los productos y\/o servicios que cumplen con ciertos est\u00e1ndares ambientales y sociales que abarcan todo su ciclo de vida: dise\u00f1o, fabricaci\u00f3n, distribuci\u00f3n, uso y disposici\u00f3n final.<\/p>\n<p>Al momento los patrones de producci\u00f3n y consumo han dado lugar a una mayor demanda de bienes y servicios, vinculada a un aumento de las emisiones de gases de efecto invernadero,<\/p>\n<p>agotamiento de recursos y p\u00e9rdida de biodiversidad, lo que da lugar a lo que se conoce como triple crisis planetaria.<\/p>\n","protected":false},"excerpt":{"rendered":"<p>Quito.- Ecuador contar\u00e1 con el primer esquema de eco-etiquetado tipo I, una herramienta que proporcionar\u00e1 a los consumidores informaci\u00f3n transparente y confiable sobre el desempe\u00f1o ambiental de los productos o servicios, para permitirles una decisi\u00f3n de compra m\u00e1s informada y consciente. El anuncio fue realizado en la ciudad de Quito, por la Corporaci\u00f3n para la [&hellip;]<\/p>\n","protected":false},"author":2,"featured_media":12401,"comment_status":"open","ping_status":"closed","sticky":false,"template":"","format":"standard","meta":{"_jetpack_memberships_contains_paid_content":false,"footnotes":""},"categories":[13],"tags":[2062],"class_list":["post-12400","post","type-post","status-publish","format-standard","has-post-thumbnail","hentry","category-noticias-nacionales","tag-ecoetiquetado-tipo-i"],"jetpack_featured_media_url":"https:\/\/radiocresatelital.com\/wp-content\/uploads\/2024\/03\/thumbnail_ecoetiquetado-tipo-I.jpg","jetpack_sharing_enabled":true,"_links":{"self":[{"href":"https:\/\/radiocresatelital.com\/index.php?rest_route=\/wp\/v2\/posts\/12400","targetHints":{"allow":["GET"]}}],"collection":[{"href":"https:\/\/radiocresatelital.com\/index.php?rest_route=\/wp\/v2\/posts"}],"about":[{"href":"https:\/\/radiocresatelital.com\/index.php?rest_route=\/wp\/v2\/types\/post"}],"author":[{"embeddable":true,"href":"https:\/\/radiocresatelital.com\/index.php?rest_route=\/wp\/v2\/users\/2"}],"replies":[{"embeddable":true,"href":"https:\/\/radiocresatelital.com\/index.php?rest_route=%2Fwp%2Fv2%2Fcomments&post=12400"}],"version-history":[{"count":1,"href":"https:\/\/radiocresatelital.com\/index.php?rest_route=\/wp\/v2\/posts\/12400\/revisions"}],"predecessor-version":[{"id":12402,"href":"https:\/\/radiocresatelital.com\/index.php?rest_route=\/wp\/v2\/posts\/12400\/revisions\/12402"}],"wp:featuredmedia":[{"embeddable":true,"href":"https:\/\/radiocresatelital.com\/index.php?rest_route=\/wp\/v2\/media\/12401"}],"wp:attachment":[{"href":"https:\/\/radiocresatelital.com\/index.php?rest_route=%2Fwp%2Fv2%2Fmedia&parent=12400"}],"wp:term":[{"taxonomy":"category","embeddable":true,"href":"https:\/\/radiocresatelital.com\/index.php?rest_route=%2Fwp%2Fv2%2Fcategories&post=12400"},{"taxonomy":"post_tag","embeddable":true,"href":"https:\/\/radiocresatelital.com\/index.php?rest_route=%2Fwp%2Fv2%2Ftags&post=12400"}],"curies":[{"name":"wp","href":"https:\/\/api.w.org\/{rel}","templated":true}]}}