{"id":12381,"date":"2024-03-25T20:42:52","date_gmt":"2024-03-25T20:42:52","guid":{"rendered":"https:\/\/radiocresatelital.com\/?p=12381"},"modified":"2024-03-25T21:49:02","modified_gmt":"2024-03-25T21:49:02","slug":"salud-intestinal-bienestar-total-guia-para-evitar-el-cancer-de-colon","status":"publish","type":"post","link":"https:\/\/radiocresatelital.com\/?p=12381","title":{"rendered":"Salud intestinal, bienestar total: gu\u00eda para evitar el c\u00e1ncer de colon"},"content":{"rendered":"<p>Quito.- Una de las enfermedades que han tomado fuerza y preocupan actualmente es el c\u00e1ncer de colon. Seg\u00fan la Organizaci\u00f3n Mundial de la Salud (OMS), esta afecci\u00f3n se posiciona como el tercer tipo de c\u00e1ncer m\u00e1s com\u00fan y constituye la segunda causa de muertes asociadas a esta enfermedad a nivel global.\u00a0 Esta realidad no es ajena a Ecuador, ya que su incidencia es significativa, con aproximadamente 1.200 nuevos casos reportados cada a\u00f1o por SOLCA.<\/p>\n<p>El c\u00e1ncer colorrectal se origina en el intestino grueso o en el recto, y se desarrolla a partir de crecimientos anormales de c\u00e9lulas en la mucosa, conocidos como p\u00f3lipos. Con el tiempo, algunos de estos p\u00f3lipos pueden volverse cancerosos si no se detectan y tratan a tiempo. Adem\u00e1s, los s\u00edntomas pueden variar, desde cambios en los h\u00e1bitos intestinales, sangrado rectal, dolor abdominal persistente y p\u00e9rdida de peso inexplicable. Es crucial tener en cuenta que estas manifestaciones se pueden presentar hasta que la enfermedad est\u00e1 en una etapa avanzada.<\/p>\n<p>De igual manera, esta afecci\u00f3n puede atacar a personas de cualquier edad, aunque tiene mayor incidencia en la edad adulta, la mayor\u00eda de casos diagnosticados en pacientes de 50 a\u00f1os o m\u00e1s, <em>menciona La Direcci\u00f3n M\u00e9dica de Laboratorios Bag\u00f3.<\/em><\/p>\n<p>No obstante, para prevenir el c\u00e1ncer de colon, es fundamental adoptar medidas de estilo de vida saludable.<\/p>\n<ul>\n<li>Seguir una dieta rica en fibra, frutas y verduras, limitar el consumo de carnes rojas procesadas y grasas saturadas.<\/li>\n<\/ul>\n<ul>\n<li>Mantener un peso saludable y realizar por lo menos 30 minutos de actividad f\u00edsica diaria, como recomienda la OMS (Organizaci\u00f3n Mundial de la Salud).<\/li>\n<li>Evitar el consumo excesivo de alcohol y tabaco.<\/li>\n<\/ul>\n<ul>\n<li>Se recomienda someterse a pruebas de detecci\u00f3n precoz, como la colonoscopia, especialmente a partir de los 50 a\u00f1os o antes si hay antecedentes familiares de la enfermedad.<\/li>\n<\/ul>\n<p>La prevenci\u00f3n y la detecci\u00f3n temprana son fundamentales en la lucha contra el c\u00e1ncer de colon, y cada individuo tiene un papel importante en su propia salud al tomar medidas preventivas y estar atento a cualquier s\u00edntoma que pueda indicar la presencia de esta enfermedad. Es recomendable el consumo de probi\u00f3ticos, especialmente bifidobacterium.<\/p>\n","protected":false},"excerpt":{"rendered":"<p>Quito.- Una de las enfermedades que han tomado fuerza y preocupan actualmente es el c\u00e1ncer de colon. Seg\u00fan la Organizaci\u00f3n Mundial de la Salud (OMS), esta afecci\u00f3n se posiciona como el tercer tipo de c\u00e1ncer m\u00e1s com\u00fan y constituye la segunda causa de muertes asociadas a esta enfermedad a nivel global.\u00a0 Esta realidad no es [&hellip;]<\/p>\n","protected":false},"author":2,"featured_media":12382,"comment_status":"open","ping_status":"closed","sticky":false,"template":"","format":"standard","meta":{"_jetpack_memberships_contains_paid_content":false,"footnotes":""},"categories":[84],"tags":[1733],"class_list":["post-12381","post","type-post","status-publish","format-standard","has-post-thumbnail","hentry","category-medicina","tag-organizacion-mundial-de-la-salud"],"jetpack_featured_media_url":"https:\/\/radiocresatelital.com\/wp-content\/uploads\/2024\/03\/ImagenCol.jpg","jetpack_sharing_enabled":true,"_links":{"self":[{"href":"https:\/\/radiocresatelital.com\/index.php?rest_route=\/wp\/v2\/posts\/12381","targetHints":{"allow":["GET"]}}],"collection":[{"href":"https:\/\/radiocresatelital.com\/index.php?rest_route=\/wp\/v2\/posts"}],"about":[{"href":"https:\/\/radiocresatelital.com\/index.php?rest_route=\/wp\/v2\/types\/post"}],"author":[{"embeddable":true,"href":"https:\/\/radiocresatelital.com\/index.php?rest_route=\/wp\/v2\/users\/2"}],"replies":[{"embeddable":true,"href":"https:\/\/radiocresatelital.com\/index.php?rest_route=%2Fwp%2Fv2%2Fcomments&post=12381"}],"version-history":[{"count":1,"href":"https:\/\/radiocresatelital.com\/index.php?rest_route=\/wp\/v2\/posts\/12381\/revisions"}],"predecessor-version":[{"id":12383,"href":"https:\/\/radiocresatelital.com\/index.php?rest_route=\/wp\/v2\/posts\/12381\/revisions\/12383"}],"wp:featuredmedia":[{"embeddable":true,"href":"https:\/\/radiocresatelital.com\/index.php?rest_route=\/wp\/v2\/media\/12382"}],"wp:attachment":[{"href":"https:\/\/radiocresatelital.com\/index.php?rest_route=%2Fwp%2Fv2%2Fmedia&parent=12381"}],"wp:term":[{"taxonomy":"category","embeddable":true,"href":"https:\/\/radiocresatelital.com\/index.php?rest_route=%2Fwp%2Fv2%2Fcategories&post=12381"},{"taxonomy":"post_tag","embeddable":true,"href":"https:\/\/radiocresatelital.com\/index.php?rest_route=%2Fwp%2Fv2%2Ftags&post=12381"}],"curies":[{"name":"wp","href":"https:\/\/api.w.org\/{rel}","templated":true}]}}