{"id":12377,"date":"2024-03-25T21:28:42","date_gmt":"2024-03-25T21:28:42","guid":{"rendered":"https:\/\/radiocresatelital.com\/?p=12377"},"modified":"2024-03-25T21:28:42","modified_gmt":"2024-03-25T21:28:42","slug":"gobernador-del-guayas-se-reune-con-representantes-de-gads-parroquiales-y-analizan-situacion","status":"publish","type":"post","link":"https:\/\/radiocresatelital.com\/?p=12377","title":{"rendered":"Gobernador del Guayas se re\u00fane con representantes de GADS parroquiales y analizan situaci\u00f3n"},"content":{"rendered":"<p>Guayaquil.- En un encuentro trascendental, el Gobernador del Guayas, Alberto Molina, se reuni\u00f3 con los 29 presidentes de las Juntas Parroquiales de la provincia. Durante esta reuni\u00f3n, se analiz\u00f3 en detalle el Acuerdo Ministerial 007, que impacta directamente en el presupuesto asignado a los gobiernos parroquiales.<\/p>\n<p>En el Sal\u00f3n Sim\u00f3n Bol\u00edvar de la Gobernaci\u00f3n del Guayas, los servidores p\u00fablicos expusieron sus requerimientos en \u00e1reas cruciales como salud, vialidad y seguridad, y se analiz\u00f3 el alcance del Acuerdo Ministerial 007, que disminuye un 8% al presupuesto que perciben los gads parroquiales, por lo que piden su derogaci\u00f3n.<\/p>\n<p>Ante el planteamiento el coronel Alberto Molina les record\u00f3 que dicho acuerdo tiene vigencia hasta el mes de abril. De all\u00ed con el incrementado del IVA al 15%, que significara mayores ingresos a las arcas fiscales, tambi\u00e9n mejorar\u00e1n las asignaciones de los gobiernos parroquiales, de acuerdo a sus necesidades.<\/p>\n<p>A pesar de los desaf\u00edos econ\u00f3micos heredados la autoridad provincial record\u00f3 que el Gobierno Nacional ha logrado cubrir hasta el mes de enero de 2024 a 165 de los 223 gobiernos parroquiales del pa\u00eds, los atrasos heredados, explic\u00f3 la autoridad provincial.<\/p>\n<p>\u201cUstedes representan el 40% de la poblaci\u00f3n, y tengan por seguro que trabajamos arduamente para cumplir y cubrir sus demandas\u201d, afirm\u00f3 el Alberto Molina.<\/p>\n<p>Por su parte la presidenta del Consejo Nacional de Gobierno Parroquiales Rurales del Ecuador (CONAGOPARE) Guayas, Liliana Mora, destac\u00f3 la apertura brindada por el Ejecutivo al recibirlos en audiencia ciudadana, y aprovech\u00f3 la oportunidad para solicitar una reuni\u00f3n con el presidente Daniel Noboa.<\/p>\n<p>Este es un paso m\u00e1s hacia el bienestar de las comunidades parroquiales.<\/p>\n","protected":false},"excerpt":{"rendered":"<p>Guayaquil.- En un encuentro trascendental, el Gobernador del Guayas, Alberto Molina, se reuni\u00f3 con los 29 presidentes de las Juntas Parroquiales de la provincia. Durante esta reuni\u00f3n, se analiz\u00f3 en detalle el Acuerdo Ministerial 007, que impacta directamente en el presupuesto asignado a los gobiernos parroquiales. En el Sal\u00f3n Sim\u00f3n Bol\u00edvar de la Gobernaci\u00f3n del [&hellip;]<\/p>\n","protected":false},"author":2,"featured_media":12378,"comment_status":"open","ping_status":"closed","sticky":false,"template":"","format":"standard","meta":{"_jetpack_memberships_contains_paid_content":false,"footnotes":""},"categories":[13],"tags":[1820,1370],"class_list":["post-12377","post","type-post","status-publish","format-standard","has-post-thumbnail","hentry","category-noticias-nacionales","tag-alberto-molina","tag-gobernador-del-guayas"],"jetpack_featured_media_url":"https:\/\/radiocresatelital.com\/wp-content\/uploads\/2024\/03\/ed4a2f0a-addf-404b-b305-1de1740dbdfd.jpeg","jetpack_sharing_enabled":true,"_links":{"self":[{"href":"https:\/\/radiocresatelital.com\/index.php?rest_route=\/wp\/v2\/posts\/12377","targetHints":{"allow":["GET"]}}],"collection":[{"href":"https:\/\/radiocresatelital.com\/index.php?rest_route=\/wp\/v2\/posts"}],"about":[{"href":"https:\/\/radiocresatelital.com\/index.php?rest_route=\/wp\/v2\/types\/post"}],"author":[{"embeddable":true,"href":"https:\/\/radiocresatelital.com\/index.php?rest_route=\/wp\/v2\/users\/2"}],"replies":[{"embeddable":true,"href":"https:\/\/radiocresatelital.com\/index.php?rest_route=%2Fwp%2Fv2%2Fcomments&post=12377"}],"version-history":[{"count":1,"href":"https:\/\/radiocresatelital.com\/index.php?rest_route=\/wp\/v2\/posts\/12377\/revisions"}],"predecessor-version":[{"id":12379,"href":"https:\/\/radiocresatelital.com\/index.php?rest_route=\/wp\/v2\/posts\/12377\/revisions\/12379"}],"wp:featuredmedia":[{"embeddable":true,"href":"https:\/\/radiocresatelital.com\/index.php?rest_route=\/wp\/v2\/media\/12378"}],"wp:attachment":[{"href":"https:\/\/radiocresatelital.com\/index.php?rest_route=%2Fwp%2Fv2%2Fmedia&parent=12377"}],"wp:term":[{"taxonomy":"category","embeddable":true,"href":"https:\/\/radiocresatelital.com\/index.php?rest_route=%2Fwp%2Fv2%2Fcategories&post=12377"},{"taxonomy":"post_tag","embeddable":true,"href":"https:\/\/radiocresatelital.com\/index.php?rest_route=%2Fwp%2Fv2%2Ftags&post=12377"}],"curies":[{"name":"wp","href":"https:\/\/api.w.org\/{rel}","templated":true}]}}