{"id":12371,"date":"2024-03-25T21:08:41","date_gmt":"2024-03-25T21:08:41","guid":{"rendered":"https:\/\/radiocresatelital.com\/?p=12371"},"modified":"2024-03-25T21:08:41","modified_gmt":"2024-03-25T21:08:41","slug":"secretario-zuniga-desmiente-allanamiento-a-la-vicepresidencia","status":"publish","type":"post","link":"https:\/\/radiocresatelital.com\/?p=12371","title":{"rendered":"Secretario Z\u00fa\u00f1iga desmiente allanamiento a la Vicepresidencia"},"content":{"rendered":"<p>Quito.- \u201cLa Vicepresidencia de la Rep\u00fablica no ha sido allanada y tampoco es parte procesal del caso que actualmente investiga la Fiscal\u00eda\u201d, se\u00f1al\u00f3 en rueda de prensa, el abogado Ren\u00e9 Z\u00fa\u00f1iga, secretario General y vocero oficial de la instituci\u00f3n.<\/p>\n<p>Adem\u00e1s, recalc\u00f3 que en el marco de las investigaciones, la Vicepresidencia dar\u00e1 todas las facilidades para que se conozca la verdad porque \u201cdentro de la instituci\u00f3n no se ha dado ning\u00fan caso que deba ser investigado por la Fiscal\u00eda\u201d.<\/p>\n<p>Respecto al exfuncionario que habr\u00eda instaurado la denuncia por un supuesto delito de tr\u00e1fico de influencias, Ren\u00e9 Z\u00fa\u00f1iga aclar\u00f3 que el ciudadano fue desvinculado de la instituci\u00f3n a inicios de febrero debido al proceso de reestructuraci\u00f3n ordenado a trav\u00e9s del Decreto Ejecutivo 30 y supervisado por el Ministerio del Trabajo.<\/p>\n<p>El secretario General inform\u00f3 que la Vicepresidencia est\u00e1 inmersa en el proceso de reestructuraci\u00f3n, el mismo que ha respetado y garantizado los derechos laborales de todos los funcionarios. Adem\u00e1s, resalt\u00f3 que dentro de la nueva estructura ning\u00fan funcionario ganar\u00e1 m\u00e1s de 3mil d\u00f3lares. Actualmente la instituci\u00f3n cuenta con 77 colaboradores y se espera una nueva reducci\u00f3n en el marco de la reestructuraci\u00f3n.<\/p>\n<p>Z\u00fa\u00f1iga manifest\u00f3 que la vicepresidenta de la Rep\u00fablica, Ver\u00f3nica Abad ha mantenido una comunicaci\u00f3n abierta con todos los funcionarios y que \u201clos procesos dentro de la instituci\u00f3n han sido transparentes, sin presiones de ninguna clase sobre el personal.<\/p>\n<p>Para finalizar, el abogado Ren\u00e9 Z\u00fa\u00f1iga inform\u00f3 a la opini\u00f3n p\u00fablica que el Ministerio de Trabajo descarg\u00f3 sobre la Vicepresidencia la responsabilidad de cubrir el sueldo y los emolumentos de la se\u00f1ora vicepresidenta en el exterior lo que caus\u00f3 que Ver\u00f3nica Abad no cobrara su salario por dos meses e incluso, permanezca en suelo extranjero sin seguro de vida.<\/p>\n<p>De acuerdo al jurista, se desconoce de un posible retorno de la segunda mandataria y dado que su cargo est\u00e1 regido por las normativas LOSEP y LOSE, en ambos reg\u00edmenes deber\u00eda estar autorizado su regreso, si existiera una solicitud formal de su parte.<\/p>\n","protected":false},"excerpt":{"rendered":"<p>Quito.- \u201cLa Vicepresidencia de la Rep\u00fablica no ha sido allanada y tampoco es parte procesal del caso que actualmente investiga la Fiscal\u00eda\u201d, se\u00f1al\u00f3 en rueda de prensa, el abogado Ren\u00e9 Z\u00fa\u00f1iga, secretario General y vocero oficial de la instituci\u00f3n. Adem\u00e1s, recalc\u00f3 que en el marco de las investigaciones, la Vicepresidencia dar\u00e1 todas las facilidades para [&hellip;]<\/p>\n","protected":false},"author":2,"featured_media":12372,"comment_status":"open","ping_status":"closed","sticky":false,"template":"","format":"standard","meta":{"_jetpack_memberships_contains_paid_content":false,"footnotes":""},"categories":[13],"tags":[6],"class_list":["post-12371","post","type-post","status-publish","format-standard","has-post-thumbnail","hentry","category-noticias-nacionales","tag-vicepresidencia-de-la-republica"],"jetpack_featured_media_url":"https:\/\/radiocresatelital.com\/wp-content\/uploads\/2024\/03\/5418763e-00a8-402c-942f-9e9e6328adda.jpeg","jetpack_sharing_enabled":true,"_links":{"self":[{"href":"https:\/\/radiocresatelital.com\/index.php?rest_route=\/wp\/v2\/posts\/12371","targetHints":{"allow":["GET"]}}],"collection":[{"href":"https:\/\/radiocresatelital.com\/index.php?rest_route=\/wp\/v2\/posts"}],"about":[{"href":"https:\/\/radiocresatelital.com\/index.php?rest_route=\/wp\/v2\/types\/post"}],"author":[{"embeddable":true,"href":"https:\/\/radiocresatelital.com\/index.php?rest_route=\/wp\/v2\/users\/2"}],"replies":[{"embeddable":true,"href":"https:\/\/radiocresatelital.com\/index.php?rest_route=%2Fwp%2Fv2%2Fcomments&post=12371"}],"version-history":[{"count":1,"href":"https:\/\/radiocresatelital.com\/index.php?rest_route=\/wp\/v2\/posts\/12371\/revisions"}],"predecessor-version":[{"id":12373,"href":"https:\/\/radiocresatelital.com\/index.php?rest_route=\/wp\/v2\/posts\/12371\/revisions\/12373"}],"wp:featuredmedia":[{"embeddable":true,"href":"https:\/\/radiocresatelital.com\/index.php?rest_route=\/wp\/v2\/media\/12372"}],"wp:attachment":[{"href":"https:\/\/radiocresatelital.com\/index.php?rest_route=%2Fwp%2Fv2%2Fmedia&parent=12371"}],"wp:term":[{"taxonomy":"category","embeddable":true,"href":"https:\/\/radiocresatelital.com\/index.php?rest_route=%2Fwp%2Fv2%2Fcategories&post=12371"},{"taxonomy":"post_tag","embeddable":true,"href":"https:\/\/radiocresatelital.com\/index.php?rest_route=%2Fwp%2Fv2%2Ftags&post=12371"}],"curies":[{"name":"wp","href":"https:\/\/api.w.org\/{rel}","templated":true}]}}