{"id":12361,"date":"2024-03-25T20:22:44","date_gmt":"2024-03-25T20:22:44","guid":{"rendered":"https:\/\/radiocresatelital.com\/?p=12361"},"modified":"2024-03-25T20:22:44","modified_gmt":"2024-03-25T20:22:44","slug":"ratifico-el-compromiso-firme-de-reconstruir-la-paz-y-seguridad-en-este-pais-daniel-noboa","status":"publish","type":"post","link":"https:\/\/radiocresatelital.com\/?p=12361","title":{"rendered":"Ratifico el compromiso firme de reconstruir la paz y seguridad en este Pa\u00eds; Daniel Noboa"},"content":{"rendered":"<p>Latacunga.- La Fuerza A\u00e9rea Ecuatoriana (FAE) robustece su capacidad operativa y t\u00e1ctica con la incorporaci\u00f3n del avi\u00f3n C-130 H\u00e9rcules. La aeronave, donada por los Estados Unidos de Am\u00e9rica (EE.UU.), es una muestra del compromiso conjunto de fortalecer las misiones t\u00e1cticas y militares en pro de la seguridad nacional. El presidente de la Rep\u00fablica, Daniel Noboa Azin, lider\u00f3 la entrega este lunes 25 de marzo en la ceremonia militar desarrollada en la Base A\u00e9rea Cotopaxi Mariscal Sucre.<\/p>\n<p>\u201cEl equipamiento y fortalecimiento de las capacidades de las Fuerzas Armadas es una prioridad para nosotros, sobre todo en un momento hist\u00f3rico en el que vivimos\u201d, sostuvo el Mandatario, al tiempo que remarc\u00f3 en la importancia del respaldo<br \/>\ninternacional en lucha contra el hampa.<\/p>\n<p>En el marco de cooperaci\u00f3n conjunta, el Presidente inform\u00f3 que esta aeronave contribuir\u00e1 a enfrentar al crimen organizado y a desplegar misiones de ayuda humanitaria en todos los rincones del pa\u00eds. \u201cEn el cambio de rumbo hacia un Nuevo Ecuador nuestras valerosas Fuerzas Armadas cumplen un rol fundamental y hoy estoy aqu\u00ed para evidenciar el respaldo y agradecimiento del Gobierno y de un pa\u00eds que conf\u00eda en ustedes\u201d.<\/p>\n<p>Adem\u00e1s, Noboa Azin enfatiz\u00f3 en la importancia del respaldo de pa\u00edses aliados como EE.UU. para desmantelar delitos transnacionales como el narcotr\u00e1fico, la trata de personas y los il\u00edcitos que se comenten en el mar.<\/p>\n<p>El embajador de EE.UU, Michael J. Fitzpatrick, detall\u00f3 que este medio de transporte cuenta con la versatilidad para el transporte de tropas, adaptar camillas para evacuaciones aerom\u00e9dicas y llevar grandes cantidades de carga. Por ello, explic\u00f3,<br \/>\ncoadyuvar\u00e1 a responder con prisa en momentos de crisis como desastres naturales o amenazas nacionales o transnacionales.<\/p>\n<p>\u201cLa llegada del H\u00e9rcules [nombre de la aeronave] a Latacunga es un testimonio tangible de la solidaridad perdurable entre los EE. UU y Ecuador (\u2026). Esta aeronave, entregada de forma gratuita al Ecuador, simboliza nuestro compromiso para fortalecer las capacidades de las FF.AA. y de respaldar la seguridad de cada ciudadano\u201d, remarc\u00f3 Fitzpatrick.<\/p>\n<p>As\u00ed tambi\u00e9n, el general Celiano Cevallos, comandante general de la FAE, asegur\u00f3 \u201ccon el apoyo del Gobierno Nacional y socios estrat\u00e9gicos seguiremos recuperando y fortaleciendo las capacidades operativas de las FF. AA y FAE para combatir el narcoterrorismo. Ganar esta guerra es crucial para recuperar la paz que merecen nuestros hijos, familias y nuestra sociedad\u201d.<\/p>\n<p>En el marco de este acto, el Presidente de la Rep\u00fablica conden\u00f3 los actos delictivos suscitados en el pa\u00eds en los \u00faltimos d\u00edas, los cuales han segado la vida de varios seres humanos, entre ellos, el cabo segundo del Ej\u00e9rcito, Daniel Valencia, quien muri\u00f3 en una emboscada en Sucumb\u00edos; y el cabo de Polic\u00eda Nacional Stalin Quimbiurco, asesinado por secuestradores en Babahoyo. \u201cCada d\u00eda los miembros de las FF. AA. y de la Polic\u00eda Nacional se juegan la vida en cada misi\u00f3n. Sepan que no est\u00e1n solos, el Gobierno Nacional est\u00e1 con ustedes y se jugar\u00e1 por ustedes, as\u00ed como ustedes lo hacen por los ecuatorianos\u201d, asegur\u00f3.<\/p>\n<p>Al mismo tiempo, fue determinante al rechazar el crimen perpetrado hacia la Alcaldesa de San Vicente y su Director de Comunicaci\u00f3n. Al respecto manifest\u00f3 que estos actos \u201ctambi\u00e9n nos recuerdan que esta lucha no ha terminado, tan solo ha comenzado\u201d.<\/p>\n<p>Por ello, conmin\u00f3 a la poblaci\u00f3n a sumarse a la lucha frontal contra el narcoterrorismo a trav\u00e9s de su voto en la consulta popular del pr\u00f3ximo 21 de abril.<\/p>\n<p>Con ello, dijo, \u201clograremos profundizar los cambios que el Ecuador requiere, para dejar atr\u00e1s a ese viejo pa\u00eds de caos y violencia. Pero, sobre todo, proteger a los militares y polic\u00edas que trabajan por la paz de todos\u201d.<\/p>\n","protected":false},"excerpt":{"rendered":"<p>Latacunga.- La Fuerza A\u00e9rea Ecuatoriana (FAE) robustece su capacidad operativa y t\u00e1ctica con la incorporaci\u00f3n del avi\u00f3n C-130 H\u00e9rcules. La aeronave, donada por los Estados Unidos de Am\u00e9rica (EE.UU.), es una muestra del compromiso conjunto de fortalecer las misiones t\u00e1cticas y militares en pro de la seguridad nacional. El presidente de la Rep\u00fablica, Daniel Noboa [&hellip;]<\/p>\n","protected":false},"author":2,"featured_media":12362,"comment_status":"open","ping_status":"closed","sticky":false,"template":"","format":"standard","meta":{"_jetpack_memberships_contains_paid_content":false,"footnotes":""},"categories":[13],"tags":[1322],"class_list":["post-12361","post","type-post","status-publish","format-standard","has-post-thumbnail","hentry","category-noticias-nacionales","tag-presidente-daniel-noboa"],"jetpack_featured_media_url":"https:\/\/radiocresatelital.com\/wp-content\/uploads\/2024\/03\/53609927202_264be1fdb8_c.jpg","jetpack_sharing_enabled":true,"_links":{"self":[{"href":"https:\/\/radiocresatelital.com\/index.php?rest_route=\/wp\/v2\/posts\/12361","targetHints":{"allow":["GET"]}}],"collection":[{"href":"https:\/\/radiocresatelital.com\/index.php?rest_route=\/wp\/v2\/posts"}],"about":[{"href":"https:\/\/radiocresatelital.com\/index.php?rest_route=\/wp\/v2\/types\/post"}],"author":[{"embeddable":true,"href":"https:\/\/radiocresatelital.com\/index.php?rest_route=\/wp\/v2\/users\/2"}],"replies":[{"embeddable":true,"href":"https:\/\/radiocresatelital.com\/index.php?rest_route=%2Fwp%2Fv2%2Fcomments&post=12361"}],"version-history":[{"count":1,"href":"https:\/\/radiocresatelital.com\/index.php?rest_route=\/wp\/v2\/posts\/12361\/revisions"}],"predecessor-version":[{"id":12363,"href":"https:\/\/radiocresatelital.com\/index.php?rest_route=\/wp\/v2\/posts\/12361\/revisions\/12363"}],"wp:featuredmedia":[{"embeddable":true,"href":"https:\/\/radiocresatelital.com\/index.php?rest_route=\/wp\/v2\/media\/12362"}],"wp:attachment":[{"href":"https:\/\/radiocresatelital.com\/index.php?rest_route=%2Fwp%2Fv2%2Fmedia&parent=12361"}],"wp:term":[{"taxonomy":"category","embeddable":true,"href":"https:\/\/radiocresatelital.com\/index.php?rest_route=%2Fwp%2Fv2%2Fcategories&post=12361"},{"taxonomy":"post_tag","embeddable":true,"href":"https:\/\/radiocresatelital.com\/index.php?rest_route=%2Fwp%2Fv2%2Ftags&post=12361"}],"curies":[{"name":"wp","href":"https:\/\/api.w.org\/{rel}","templated":true}]}}