{"id":1235,"date":"2023-07-14T21:15:15","date_gmt":"2023-07-14T21:15:15","guid":{"rendered":"https:\/\/radiocresatelital.com\/?p=1235"},"modified":"2023-07-14T21:15:15","modified_gmt":"2023-07-14T21:15:15","slug":"municipio-de-duran-prepara-plan-de-seguridad-local","status":"publish","type":"post","link":"https:\/\/radiocresatelital.com\/?p=1235","title":{"rendered":"Municipio de Dur\u00e1n prepara Plan de Seguridad Local"},"content":{"rendered":"<p>Luego de varias gestiones realizadas por el alcalde Luis Chonillo, esta ma\u00f1ana representantes de la Oficina de Naciones Unidas contra la Droga y el Delito (UNODC), y del Ministerio del Interior sostuvieron una mesa t\u00e9cnica de trabajo con las Direcciones Municipales de Justicia y Vigilancia, Desarrollo de la Comunidad y Financiero, con el fin de elaborar un Plan de Seguridad Local.<\/p>\n<p>Dentro de los objetivos del Plan de Seguridad Local, se encuentra proyectar a Dur\u00e1n como una ciudad segura, crear un municipio seguro y lograr que los durane\u00f1os puedan vivir en paz.<\/p>\n<p>Asimismo se busca identificar los sectores m\u00e1s vulnerables de la ciudad y evaluar en base a sus necesidades las acciones a implementar con el fin de reducir las incidencias delictivas en Dur\u00e1n.<\/p>\n<p>Dentro de los acuerdos establecidos se fij\u00f3 el acompa\u00f1amiento en territorio a los delegados de la UNODC, para definir los prop\u00f3sitos estrat\u00e9gicos que se desean alcanzar para la ciudad.<\/p>\n<p>Una vez obtenida la informaci\u00f3n en sitio, se estima realizar una proyecci\u00f3n de los requerimientos y apoyos log\u00edsticos para la asignaci\u00f3n de los aportes econ\u00f3micos por parte de las autoridades civiles.<\/p>\n<p>Este proyecto se ha implementado en cantones como Guayaquil, y busca expandirse a otras ciudades como Dur\u00e1n, Milagro, Daule y El Triunfo.<\/p>\n","protected":false},"excerpt":{"rendered":"<p>Luego de varias gestiones realizadas por el alcalde Luis Chonillo, esta ma\u00f1ana representantes de la Oficina de Naciones Unidas contra la Droga y el Delito (UNODC), y del Ministerio del Interior sostuvieron una mesa t\u00e9cnica de trabajo con las Direcciones Municipales de Justicia y Vigilancia, Desarrollo de la Comunidad y Financiero, con el fin de [&hellip;]<\/p>\n","protected":false},"author":2,"featured_media":1236,"comment_status":"open","ping_status":"closed","sticky":false,"template":"","format":"standard","meta":{"_jetpack_memberships_contains_paid_content":false,"footnotes":""},"categories":[13],"tags":[258],"class_list":["post-1235","post","type-post","status-publish","format-standard","has-post-thumbnail","hentry","category-noticias-nacionales","tag-alcaldia-duran"],"jetpack_featured_media_url":"https:\/\/radiocresatelital.com\/wp-content\/uploads\/2023\/07\/f52781df-673f-4f95-bb37-fc57d8423c79.jpg","jetpack_sharing_enabled":true,"_links":{"self":[{"href":"https:\/\/radiocresatelital.com\/index.php?rest_route=\/wp\/v2\/posts\/1235","targetHints":{"allow":["GET"]}}],"collection":[{"href":"https:\/\/radiocresatelital.com\/index.php?rest_route=\/wp\/v2\/posts"}],"about":[{"href":"https:\/\/radiocresatelital.com\/index.php?rest_route=\/wp\/v2\/types\/post"}],"author":[{"embeddable":true,"href":"https:\/\/radiocresatelital.com\/index.php?rest_route=\/wp\/v2\/users\/2"}],"replies":[{"embeddable":true,"href":"https:\/\/radiocresatelital.com\/index.php?rest_route=%2Fwp%2Fv2%2Fcomments&post=1235"}],"version-history":[{"count":1,"href":"https:\/\/radiocresatelital.com\/index.php?rest_route=\/wp\/v2\/posts\/1235\/revisions"}],"predecessor-version":[{"id":1237,"href":"https:\/\/radiocresatelital.com\/index.php?rest_route=\/wp\/v2\/posts\/1235\/revisions\/1237"}],"wp:featuredmedia":[{"embeddable":true,"href":"https:\/\/radiocresatelital.com\/index.php?rest_route=\/wp\/v2\/media\/1236"}],"wp:attachment":[{"href":"https:\/\/radiocresatelital.com\/index.php?rest_route=%2Fwp%2Fv2%2Fmedia&parent=1235"}],"wp:term":[{"taxonomy":"category","embeddable":true,"href":"https:\/\/radiocresatelital.com\/index.php?rest_route=%2Fwp%2Fv2%2Fcategories&post=1235"},{"taxonomy":"post_tag","embeddable":true,"href":"https:\/\/radiocresatelital.com\/index.php?rest_route=%2Fwp%2Fv2%2Ftags&post=1235"}],"curies":[{"name":"wp","href":"https:\/\/api.w.org\/{rel}","templated":true}]}}