{"id":1232,"date":"2023-07-14T21:08:49","date_gmt":"2023-07-14T21:08:49","guid":{"rendered":"https:\/\/radiocresatelital.com\/?p=1232"},"modified":"2023-07-14T21:08:49","modified_gmt":"2023-07-14T21:08:49","slug":"swisscham-celebra-tres-anos-de-vida-institucional-en-el-ecuador","status":"publish","type":"post","link":"https:\/\/radiocresatelital.com\/?p=1232","title":{"rendered":"Swisscham celebra tres a\u00f1os de vida institucional en el Ecuador"},"content":{"rendered":"<p>Quito.- La Swisscham Ecuador nace en 2020, en el marco de la ratificaci\u00f3n del acuerdo con la Asociaci\u00f3n Europea de Libre Comercio (EFTA) \u2014por sus siglas en ingl\u00e9s\u2014, bajo la fiel mirada de fortalecer las relaciones bilaterales entre Ecuador y Suiza, adem\u00e1s, de consolidarse como la principal entidad de representaci\u00f3n gremial de las empresas suizas en el pa\u00eds.<\/p>\n<p>Gracias al esfuerzo y trabajo en conjunto de la Embajada suiza, con el respaldo de 20 empresas socias fundadoras, que hasta el momento han apoyado a la reactivaci\u00f3n econ\u00f3mica \u2014tras enfrentar una pandemia\u2014, la Swisscham busca motivar el crecimiento comercial entre ambos mercados que se destacan individualmente por sus productos y servicios e impulsan la sostenibilidad, \u00e9tica y transparencia: tres referentes clave de la modalidad suiza para hacer negocios.<\/p>\n<p>El intercambio comercial entre ambos pa\u00edses se ha mostrado positivo y beneficioso. Ecuador recibe de Suiza no solo conocimiento de gran valor, sino tambi\u00e9n productos qu\u00edmicos, farmac\u00e9uticos, maquinaria y productos electr\u00f3nicos que apoyan al desarrollo econ\u00f3mico y social, mientras que Suiza importa metales preciosos y productos agr\u00edcolas desde el pa\u00eds Latinoamericano. Adem\u00e1s, gracias a la presencia de empresas suizas, referentes a escala global, cerca de 5 200 ecuatorianos ocupan plazas laborales generadas por estas empresas l\u00edderes en los distintos mercados.<\/p>\n<p>En la actualidad, Swisscham Ecuador cuenta con 34 socios, y para los pr\u00f3ximos a\u00f1os se espera acoger muchas m\u00e1s empresas suizas en Ecuador, apoyar para que m\u00e1s empresas ecuatorianas exporten sus productos hacia el pa\u00eds europeo, fomentar la formaci\u00f3n dual (un modelo educativo efectivo que combina aprendizaje te\u00f3rico con formaci\u00f3n pr\u00e1ctica y que se proyecta como una alternativa para incrementar las oportunidades laborales para j\u00f3venes en Ecuador), poner en\u00a0 la bolsa de empleo y ejecutar eventos corporativos en los que se transmita conocimiento y experiencia.<\/p>\n<p>Adem\u00e1s de sus spcios, la Swisscham Ecuador cuenta con importantes aliados como la Alliance for Integrity, UIDE, Red Empresarial de Transparencia, FECABE, Swisschambers Latam y Embajada de Suiza en M\u00e9xico.<\/p>\n<p>Con nuestro su equipo, y el respaldo de socios y aliados, la Swisscham refuerza su compromiso para trabajar constantemente en el desarrollo comercial, econ\u00f3mico y social, promover la cooperaci\u00f3n bilateral a trav\u00e9s de la responsabilidad social, sostenibilidad, transparencia y cuidado medioambiental.<\/p>\n<p>Actualmente, en cuanto a importaciones, el pa\u00eds europeo recibe de Ecuador productos agr\u00edcolas y metales preciosos (17. 8 % y 81.8 %, respectivamente). Desde Swisscham Ecuador se motiva a fortalecerf las relaciones bilaterales, con \u00e9tica profesional, calidad y transparencia suizas como sello de un trabajo comprometido con el desarrollo e integraci\u00f3n econ\u00f3mica.<\/p>\n","protected":false},"excerpt":{"rendered":"<p>Quito.- La Swisscham Ecuador nace en 2020, en el marco de la ratificaci\u00f3n del acuerdo con la Asociaci\u00f3n Europea de Libre Comercio (EFTA) \u2014por sus siglas en ingl\u00e9s\u2014, bajo la fiel mirada de fortalecer las relaciones bilaterales entre Ecuador y Suiza, adem\u00e1s, de consolidarse como la principal entidad de representaci\u00f3n gremial de las empresas suizas [&hellip;]<\/p>\n","protected":false},"author":2,"featured_media":1233,"comment_status":"open","ping_status":"closed","sticky":false,"template":"","format":"standard","meta":{"_jetpack_memberships_contains_paid_content":false,"footnotes":""},"categories":[13],"tags":[296],"class_list":["post-1232","post","type-post","status-publish","format-standard","has-post-thumbnail","hentry","category-noticias-nacionales","tag-swisscham-ecuador"],"jetpack_featured_media_url":"https:\/\/radiocresatelital.com\/wp-content\/uploads\/2023\/07\/f4488091-0774-4b0c-8009-695befd08e35.jpg","jetpack_sharing_enabled":true,"_links":{"self":[{"href":"https:\/\/radiocresatelital.com\/index.php?rest_route=\/wp\/v2\/posts\/1232","targetHints":{"allow":["GET"]}}],"collection":[{"href":"https:\/\/radiocresatelital.com\/index.php?rest_route=\/wp\/v2\/posts"}],"about":[{"href":"https:\/\/radiocresatelital.com\/index.php?rest_route=\/wp\/v2\/types\/post"}],"author":[{"embeddable":true,"href":"https:\/\/radiocresatelital.com\/index.php?rest_route=\/wp\/v2\/users\/2"}],"replies":[{"embeddable":true,"href":"https:\/\/radiocresatelital.com\/index.php?rest_route=%2Fwp%2Fv2%2Fcomments&post=1232"}],"version-history":[{"count":1,"href":"https:\/\/radiocresatelital.com\/index.php?rest_route=\/wp\/v2\/posts\/1232\/revisions"}],"predecessor-version":[{"id":1234,"href":"https:\/\/radiocresatelital.com\/index.php?rest_route=\/wp\/v2\/posts\/1232\/revisions\/1234"}],"wp:featuredmedia":[{"embeddable":true,"href":"https:\/\/radiocresatelital.com\/index.php?rest_route=\/wp\/v2\/media\/1233"}],"wp:attachment":[{"href":"https:\/\/radiocresatelital.com\/index.php?rest_route=%2Fwp%2Fv2%2Fmedia&parent=1232"}],"wp:term":[{"taxonomy":"category","embeddable":true,"href":"https:\/\/radiocresatelital.com\/index.php?rest_route=%2Fwp%2Fv2%2Fcategories&post=1232"},{"taxonomy":"post_tag","embeddable":true,"href":"https:\/\/radiocresatelital.com\/index.php?rest_route=%2Fwp%2Fv2%2Ftags&post=1232"}],"curies":[{"name":"wp","href":"https:\/\/api.w.org\/{rel}","templated":true}]}}