{"id":1226,"date":"2023-07-14T20:33:29","date_gmt":"2023-07-14T20:33:29","guid":{"rendered":"https:\/\/radiocresatelital.com\/?p=1226"},"modified":"2023-07-14T20:33:29","modified_gmt":"2023-07-14T20:33:29","slug":"registro-nacional-afc-alcanzara-a-mas-de-35-mil-familias-productoras","status":"publish","type":"post","link":"https:\/\/radiocresatelital.com\/?p=1226","title":{"rendered":"Registro Nacional AFC alcanzar\u00e1 a m\u00e1s de 35 mil familias productoras"},"content":{"rendered":"<p>Riobamba.<em>&#8211; <\/em>M\u00e1s de 35 mil familias productoras alcanzar\u00e1 el Ministerio de Agricultura y Ganader\u00eda (MAG) durante los meses de septiembre, octubre y noviembre del presente a\u00f1o, por medio del Registro Nacional AFC. Esta iniciativa forma parte de la Subsecretar\u00eda de Agricultura Familiar Campesina, que busca visibilizar y posicionar el trabajo de los peque\u00f1os productores.<\/p>\n<p>Juan Carlos S\u00e1nchez, subsecretario de la AFC, dijo que la finalidad de este lanzamiento es registrar a los productores de la AFC para que puedan acceder a los beneficios que ofrecen los programas y proyectos del MAG.\u00a0 \u201cLa AFC es de vital importancia para conservar los sistemas productivos, el medio ambiente, los saberes ancestrales y las diferentes pr\u00e1cticas culturales\u201d mencion\u00f3 S\u00e1nchez.<\/p>\n<p>El Registro Nacional AFC servir\u00e1 para reconocer la labor de productores de la Agricultura Familiar Campesina y por medio de la pol\u00edtica p\u00fablica enfocar los esfuerzos para fortalecer a este sector. Adem\u00e1s, con el Registro los productores tambi\u00e9n reciben el carnet y certificado de la AFC.<\/p>\n<p>Con ese carnet, los productores de la AFC acceden a capacitaciones en las Comunidades de Aprendizaje para fortalecer sus capacidades; se les otorga el Sello de la AFC y de esta manera comercializan sus productos de forma directa al consumidor. Adem\u00e1s, pueden beneficiarse de las casas de semillas para la conservaci\u00f3n de los saberes ancestrales; acceder a bioinsumos para una producci\u00f3n sostenible, herramientas menores y solicitar el cr\u00e9dito 1\/30, a trav\u00e9s del BanEcuador.<\/p>\n<p>M\u00e1s de 600 t\u00e9cnicos de campo del Proyecto de Innovaci\u00f3n, Asistencia T\u00e9cnica y Extensi\u00f3n Rural (PIATER), recorrer\u00e1n a nivel nacional las comunidades explicando y socializando en qu\u00e9 consiste el Registro AFC para que los productores y sus familias, por medio de la presentaci\u00f3n de su c\u00e9dula de ciudadan\u00eda, puedan participar en esta iniciativa.<\/p>\n<p>Desde el 2018 el MAG inici\u00f3 el Registro de productores de la AFC y hasta la fecha cuenta con 34.264 familias. Adicional, se han entregado 5.912 carnets a los productores y productoras registrados, y en Chimborazo m\u00e1s de 400 carnets AFC.<\/p>\n<p>El MAG reconoce la importancia de la Agricultura Familiar Campesina y continuar\u00e1 fortaleciendo el sector con importantes acciones.<\/p>\n","protected":false},"excerpt":{"rendered":"<p>Riobamba.&#8211; M\u00e1s de 35 mil familias productoras alcanzar\u00e1 el Ministerio de Agricultura y Ganader\u00eda (MAG) durante los meses de septiembre, octubre y noviembre del presente a\u00f1o, por medio del Registro Nacional AFC. Esta iniciativa forma parte de la Subsecretar\u00eda de Agricultura Familiar Campesina, que busca visibilizar y posicionar el trabajo de los peque\u00f1os productores. Juan [&hellip;]<\/p>\n","protected":false},"author":2,"featured_media":1227,"comment_status":"open","ping_status":"closed","sticky":false,"template":"","format":"standard","meta":{"_jetpack_memberships_contains_paid_content":false,"footnotes":""},"categories":[13],"tags":[294],"class_list":["post-1226","post","type-post","status-publish","format-standard","has-post-thumbnail","hentry","category-noticias-nacionales","tag-ministerio-de-agricultura-y-ganaderia"],"jetpack_featured_media_url":"https:\/\/radiocresatelital.com\/wp-content\/uploads\/2023\/07\/a44171dc-4572-44a2-b4ff-6f7a557b488b.jpg","jetpack_sharing_enabled":true,"_links":{"self":[{"href":"https:\/\/radiocresatelital.com\/index.php?rest_route=\/wp\/v2\/posts\/1226","targetHints":{"allow":["GET"]}}],"collection":[{"href":"https:\/\/radiocresatelital.com\/index.php?rest_route=\/wp\/v2\/posts"}],"about":[{"href":"https:\/\/radiocresatelital.com\/index.php?rest_route=\/wp\/v2\/types\/post"}],"author":[{"embeddable":true,"href":"https:\/\/radiocresatelital.com\/index.php?rest_route=\/wp\/v2\/users\/2"}],"replies":[{"embeddable":true,"href":"https:\/\/radiocresatelital.com\/index.php?rest_route=%2Fwp%2Fv2%2Fcomments&post=1226"}],"version-history":[{"count":1,"href":"https:\/\/radiocresatelital.com\/index.php?rest_route=\/wp\/v2\/posts\/1226\/revisions"}],"predecessor-version":[{"id":1228,"href":"https:\/\/radiocresatelital.com\/index.php?rest_route=\/wp\/v2\/posts\/1226\/revisions\/1228"}],"wp:featuredmedia":[{"embeddable":true,"href":"https:\/\/radiocresatelital.com\/index.php?rest_route=\/wp\/v2\/media\/1227"}],"wp:attachment":[{"href":"https:\/\/radiocresatelital.com\/index.php?rest_route=%2Fwp%2Fv2%2Fmedia&parent=1226"}],"wp:term":[{"taxonomy":"category","embeddable":true,"href":"https:\/\/radiocresatelital.com\/index.php?rest_route=%2Fwp%2Fv2%2Fcategories&post=1226"},{"taxonomy":"post_tag","embeddable":true,"href":"https:\/\/radiocresatelital.com\/index.php?rest_route=%2Fwp%2Fv2%2Ftags&post=1226"}],"curies":[{"name":"wp","href":"https:\/\/api.w.org\/{rel}","templated":true}]}}