{"id":1214,"date":"2023-07-14T19:21:48","date_gmt":"2023-07-14T19:21:48","guid":{"rendered":"https:\/\/radiocresatelital.com\/?p=1214"},"modified":"2023-07-14T19:25:21","modified_gmt":"2023-07-14T19:25:21","slug":"guayaquil-recibio-cientos-de-sacerdotes-en-jornada-formativa","status":"publish","type":"post","link":"https:\/\/radiocresatelital.com\/?p=1214","title":{"rendered":"Guayaquil recibi\u00f3 cientos de sacerdotes en jornada formativa"},"content":{"rendered":"<p>Guayaquil.- La Conferencia Episcopal Ecuatoriana y la Arquidi\u00f3cesis de Guayaquil recibieron a m\u00e1s 400 cl\u00e9rigos de las 26 jurisdicciones eclesi\u00e1sticas de pa\u00eds en el VIII Encuentro Nacional de Sacerdotes, realizado del 10 al 13 de julio en la Unidad Educativa Salesiana Domingo Com\u00edn.<\/p>\n<p>El encuentro tuvo como lema \u201cEucarist\u00eda, camino de fraternidad sacerdotal\u201d, durante los tres d\u00edas el clero trat\u00f3 temas en torno a la Eucarist\u00eda, sinodalidad, evangelizaci\u00f3n, catequesis y liturgia, enriquecidos por trabajos grupales en los que pudieron compartir entre diferentes miembros de las jurisdicciones sus experiencias de las realidades particulares, los desaf\u00edos de la vida sacerdotal y ministerial. Adem\u00e1s participaron por las ma\u00f1anas del rezo del Laudes y realizaron meditaci\u00f3n.<\/p>\n<p>En el primer d\u00eda del encuentro los sacerdotes recibieron sus credenciales y fueron asignados a las parroquias y familias que les dieron hospedaje durante su estad\u00eda, as\u00ed tambi\u00e9n pudieron disfrutar de un concierto de la Orquesta Sinf\u00f3nica de Guayaquil y la Santa Misa inaugural en el Santuario Mar\u00eda Auxiliadora.<\/p>\n<p>El segundo d\u00eda recibieron formaci\u00f3n por parte de S.E. Cardenal Lazzaro You Heung-sik, Prefecto del Dicasterio para el Clero, originario de Corea; quien comparti\u00f3 con los sacerdotes el camino recorrido desde sus inicios en el sacerdocio hasta su designaci\u00f3n como purpurado por su Santidad Papa Francisco, hicendoles el llamado a mantener su elecci\u00f3n de Dios como el d\u00eda de su ordenaci\u00f3n \u201cpido para ustedes y para mi la gracia de saber renovar siempre esta elecci\u00f3n\u201d, sostuvo.<\/p>\n<p>En este segundo d\u00eda tambi\u00e9n pudieron compartir momentos de esparcimiento, con el deporte en diferentes disciplinas, una noche cultural en la cual los asistentes apreciaron bailes t\u00edpicos de la costa ecuatoriana, m\u00fasica nacional y participaron de un juego recreacional.<\/p>\n<p>El tercer d\u00eda del encuentro el clero pudo escuchar los testimonios de sacerdotes quienes conversaron sobre temas como la evangelizaci\u00f3n en zonas vulnerables, la vocaci\u00f3n, el apostolado, la vida eucar\u00edstica de la poblaci\u00f3n indigena, la conversi\u00f3n y la fraternidad, culminaron la jornada con el rito penitencial y la Santa Misa.<\/p>\n<p>Para el Padre Oscar Hern\u00e1n Arboleda del vicariato de Puyo esta experiencia vivida en Guayaquil la describe como edificante, volver a ver a los amigos, poder tener un espacio motivante para la reflexi\u00f3n. \u201cMe llevo una linda experiencia de recargarme espiritualmente, con algunas ideas y experiencias para seguir trabajando\u201d, indic\u00f3.<\/p>\n<p>Simult\u00e1neamente en el Seminario Mayor Francisco Xavier de Garaycoa se realiz\u00f3 el VIII Encuentro Nacional de Seminaristas, con 146 seminaristas y 20 formadores asistentes, durante la jornada revisaron temas sobre la liturgia, Lectio Divina, vida espiritual y fraternidad; pudieron vivir una noche deportiva y cultural, finalizaron su jornada con la<br \/>\nvisita al Santuario Narcisa de Jes\u00fas en Nobol en la Di\u00f3cesis de Daule.<\/p>\n<p>Del mismo modo se dio el Encuentro de Obispos del Ecuador, quienes iniciaron su jornada en la Di\u00f3cesis de San Jacinto el 13 de julio con un di\u00e1logo abierto con S. E. Cardenal You Heung-sik posteriormente se trasladaron a Guayaquil para seguir su jornada visitando a los sacerdotes en el colegio Domingo Com\u00edn y m\u00e1s tarde recibieron formaci\u00f3n por parte de la REPAM en el colegio Crist\u00f3bal Col\u00f3n, en un ambiente de fraternidad y camarader\u00eda los Obispos culminaron su formaci\u00f3n el jueves 14 de julio con reflexi\u00f3n y oraci\u00f3n.<\/p>\n<p>Esta jornada se pudo realizar con gran \u00e9xito gracias al aporte los religiosos Salesianos quienes colaboraron con la infraestructura y personal, voluntarios de los distintos movimientos laicales, benefactores y el personal de la Curia Arquidiocesana de Guayaquil, en coordinaci\u00f3n con la comisi\u00f3n permanente del encuentro de la Conferencia Episcopal<br \/>\nEcuatoriana.<\/p>\n","protected":false},"excerpt":{"rendered":"<p>Guayaquil.- La Conferencia Episcopal Ecuatoriana y la Arquidi\u00f3cesis de Guayaquil recibieron a m\u00e1s 400 cl\u00e9rigos de las 26 jurisdicciones eclesi\u00e1sticas de pa\u00eds en el VIII Encuentro Nacional de Sacerdotes, realizado del 10 al 13 de julio en la Unidad Educativa Salesiana Domingo Com\u00edn. El encuentro tuvo como lema \u201cEucarist\u00eda, camino de fraternidad sacerdotal\u201d, durante los [&hellip;]<\/p>\n","protected":false},"author":2,"featured_media":1215,"comment_status":"open","ping_status":"closed","sticky":false,"template":"","format":"standard","meta":{"_jetpack_memberships_contains_paid_content":false,"footnotes":""},"categories":[13],"tags":[224],"class_list":["post-1214","post","type-post","status-publish","format-standard","has-post-thumbnail","hentry","category-noticias-nacionales","tag-conferencia-episcopal-ecuatoriana"],"jetpack_featured_media_url":"https:\/\/radiocresatelital.com\/wp-content\/uploads\/2023\/07\/DSC01362-scaled.jpg","jetpack_sharing_enabled":true,"_links":{"self":[{"href":"https:\/\/radiocresatelital.com\/index.php?rest_route=\/wp\/v2\/posts\/1214","targetHints":{"allow":["GET"]}}],"collection":[{"href":"https:\/\/radiocresatelital.com\/index.php?rest_route=\/wp\/v2\/posts"}],"about":[{"href":"https:\/\/radiocresatelital.com\/index.php?rest_route=\/wp\/v2\/types\/post"}],"author":[{"embeddable":true,"href":"https:\/\/radiocresatelital.com\/index.php?rest_route=\/wp\/v2\/users\/2"}],"replies":[{"embeddable":true,"href":"https:\/\/radiocresatelital.com\/index.php?rest_route=%2Fwp%2Fv2%2Fcomments&post=1214"}],"version-history":[{"count":1,"href":"https:\/\/radiocresatelital.com\/index.php?rest_route=\/wp\/v2\/posts\/1214\/revisions"}],"predecessor-version":[{"id":1216,"href":"https:\/\/radiocresatelital.com\/index.php?rest_route=\/wp\/v2\/posts\/1214\/revisions\/1216"}],"wp:featuredmedia":[{"embeddable":true,"href":"https:\/\/radiocresatelital.com\/index.php?rest_route=\/wp\/v2\/media\/1215"}],"wp:attachment":[{"href":"https:\/\/radiocresatelital.com\/index.php?rest_route=%2Fwp%2Fv2%2Fmedia&parent=1214"}],"wp:term":[{"taxonomy":"category","embeddable":true,"href":"https:\/\/radiocresatelital.com\/index.php?rest_route=%2Fwp%2Fv2%2Fcategories&post=1214"},{"taxonomy":"post_tag","embeddable":true,"href":"https:\/\/radiocresatelital.com\/index.php?rest_route=%2Fwp%2Fv2%2Ftags&post=1214"}],"curies":[{"name":"wp","href":"https:\/\/api.w.org\/{rel}","templated":true}]}}