{"id":1211,"date":"2023-07-14T19:09:47","date_gmt":"2023-07-14T19:09:47","guid":{"rendered":"https:\/\/radiocresatelital.com\/?p=1211"},"modified":"2023-07-14T19:09:47","modified_gmt":"2023-07-14T19:09:47","slug":"presidente-lasso-afianza-la-cooperacion-con-madrid-y-entrega-la-nacionalidad-ecuatoriana-al-escritor-sergio-ramirez","status":"publish","type":"post","link":"https:\/\/radiocresatelital.com\/?p=1211","title":{"rendered":"Presidente Lasso afianza la cooperaci\u00f3n con Madrid y entrega la nacionalidad Ecuatoriana al escritor Sergio Ram\u00edrez"},"content":{"rendered":"<p>Madrid, Espa\u00f1a.- El Presidente de la Rep\u00fablica, Guillermo Lasso, empez\u00f3 su agenda en Madrid. En esta ciudad europea mantuvo reuniones con el alcalde, Jos\u00e9 Luis Mart\u00ednez-Almeida, y, posteriormente, con la presidenta de la Comunidad de Madrid, Isabel D\u00edaz Ayuso. En ambos encuentros dialogaron sobre cooperaci\u00f3n permanente entre Espa\u00f1a y Ecuador, y la defensa irrestricta de los principios democr\u00e1ticos, la libertad e institucionalidad.<\/p>\n<p>Posteriormente, el Jefe de Estado entreg\u00f3 la nacionalidad ecuatoriana al escritor y premio Cervantes, Sergio Ram\u00edrez, a quien en febrero pasado el r\u00e9gimen nicarag\u00fcense le declar\u00f3 \u201ctraidor a la patria y pr\u00f3fugo de la justicia\u201d y, en consecuencia, se le retir\u00f3 su nacionalidad.<\/p>\n<p>En la reuni\u00f3n con el alcalde de la ciudad de Madrid, Jos\u00e9 Luis Mart\u00ednez-Almeida, el Presidente Lasso se refiri\u00f3 a la decisi\u00f3n constitucional de disolver la Asamblea Nacional, con la muerte cruzada, para resolver la crisis pol\u00edtica suscitada en el pa\u00eds<br \/>\npor la oposici\u00f3n y garantizar la estabilidad democr\u00e1tica.<\/p>\n<p>De igual manera, se habl\u00f3 sobre la cooperaci\u00f3n internacional permanente entre el Gobierno del Ecuador y la Alcald\u00eda de Madrid y la necesidad de continuar fortaleciendo lazos entre ambos territorios. En Espa\u00f1a, residen aproximadamente<br \/>\n430.000 ecuatorianos, de los cuales, cerca de 93.000 viven en Madrid.<\/p>\n<p>El encuentro, realizado en el Ayuntamiento, y en el que tambi\u00e9n particip\u00f3 la vicealcaldesa, portavoz municipal y delegada de Seguridad y Emergencias, Inmaculada Sanz, se enmarca en la visita que Guillermo Lasso est\u00e1 realizando a Espa\u00f1a previa a su participaci\u00f3n en la III Cumbre UE-CELAC que se celebrar\u00e1 en Bruselas el 17 y 18 de julio.<\/p>\n<p>En la reuni\u00f3n con la presidenta de la Comunidad de Madrid, Isabel D\u00edaz Ayuso, adem\u00e1s de los temas de fortalecimiento de la democracia, abordaron asuntos de cooperaci\u00f3n y asistencia t\u00e9cnica para proteger el agua y para enfrentar al fen\u00f3meno<br \/>\nEl Ni\u00f1o. D\u00edaz Ayuso expres\u00f3: \u201cEs un inmenso honor recibir a Guillermo Lasso para hablar de los planes que tiene en marcha para mejorar la vida del pueblo ecuatoriano.<\/p>\n<p>Colaboraremos con \u00e9l desde Madrid, donde tantos ecuatorianos son madrile\u00f1os desde el primer d\u00eda\u201d.<\/p>\n<p>Durante ambos encuentros, el Jefe de Estado ecuatoriano coment\u00f3 la intenci\u00f3n de Ecuador de solicitar un espacio de uso gratuito para que opere la Casa del Ecuador en Espa\u00f1a. Este es un proyecto de colaboraci\u00f3n p\u00fablico-privada que busca establecer un espacio en el que de forma permanente y profesional se pueda llevar a cabo la difusi\u00f3n de la cultura ecuatoriana, en el sentido amplio del t\u00e9rmino, as\u00ed como para servir de escaparate tur\u00edstico y de inversiones en el pa\u00eds.<\/p>\n<p>Como parte de su jornada en Madrid, el Presidente Lasso homenaje\u00f3 al escritor y periodista nicarag\u00fcense Sergio Ram\u00edrez, autor de una importante obra literaria que le hizo ganador del Premio Miguel de Cervantes. Hoy Ram\u00edrez recibi\u00f3 oficialmente, de manos del Mandatario, la nacionalidad ecuatoriana, otorgada mediante Decreto Ejecutivo N.\u00b0818.<\/p>\n<p>Para Lasso, la entrega de la nacionalidad constituye tambi\u00e9n una manera de protestar ante un r\u00e9gimen que ha perdido todo asidero democr\u00e1tico, as\u00ed como una expresi\u00f3n de respeto y hermandad hacia las nicarag\u00fcenses. \u201cPara m\u00ed, es un honor entregarle la nacionalidad ecuatoriana y decirle que el Ecuador acoge con respeto y cari\u00f1o al luchador de am\u00e9rica latina. Al intelectual, al ser humano que nos inspira a seguirle en el camino\u201d.<\/p>\n","protected":false},"excerpt":{"rendered":"<p>Madrid, Espa\u00f1a.- El Presidente de la Rep\u00fablica, Guillermo Lasso, empez\u00f3 su agenda en Madrid. En esta ciudad europea mantuvo reuniones con el alcalde, Jos\u00e9 Luis Mart\u00ednez-Almeida, y, posteriormente, con la presidenta de la Comunidad de Madrid, Isabel D\u00edaz Ayuso. En ambos encuentros dialogaron sobre cooperaci\u00f3n permanente entre Espa\u00f1a y Ecuador, y la defensa irrestricta de [&hellip;]<\/p>\n","protected":false},"author":2,"featured_media":1212,"comment_status":"open","ping_status":"closed","sticky":false,"template":"","format":"standard","meta":{"_jetpack_memberships_contains_paid_content":false,"footnotes":""},"categories":[13],"tags":[236,291],"class_list":["post-1211","post","type-post","status-publish","format-standard","has-post-thumbnail","hentry","category-noticias-nacionales","tag-guillermo-lasso","tag-presidente-ecuador"],"jetpack_featured_media_url":"https:\/\/radiocresatelital.com\/wp-content\/uploads\/2023\/07\/F0_-4M_WcAAXpax.jpg","jetpack_sharing_enabled":true,"_links":{"self":[{"href":"https:\/\/radiocresatelital.com\/index.php?rest_route=\/wp\/v2\/posts\/1211","targetHints":{"allow":["GET"]}}],"collection":[{"href":"https:\/\/radiocresatelital.com\/index.php?rest_route=\/wp\/v2\/posts"}],"about":[{"href":"https:\/\/radiocresatelital.com\/index.php?rest_route=\/wp\/v2\/types\/post"}],"author":[{"embeddable":true,"href":"https:\/\/radiocresatelital.com\/index.php?rest_route=\/wp\/v2\/users\/2"}],"replies":[{"embeddable":true,"href":"https:\/\/radiocresatelital.com\/index.php?rest_route=%2Fwp%2Fv2%2Fcomments&post=1211"}],"version-history":[{"count":1,"href":"https:\/\/radiocresatelital.com\/index.php?rest_route=\/wp\/v2\/posts\/1211\/revisions"}],"predecessor-version":[{"id":1213,"href":"https:\/\/radiocresatelital.com\/index.php?rest_route=\/wp\/v2\/posts\/1211\/revisions\/1213"}],"wp:featuredmedia":[{"embeddable":true,"href":"https:\/\/radiocresatelital.com\/index.php?rest_route=\/wp\/v2\/media\/1212"}],"wp:attachment":[{"href":"https:\/\/radiocresatelital.com\/index.php?rest_route=%2Fwp%2Fv2%2Fmedia&parent=1211"}],"wp:term":[{"taxonomy":"category","embeddable":true,"href":"https:\/\/radiocresatelital.com\/index.php?rest_route=%2Fwp%2Fv2%2Fcategories&post=1211"},{"taxonomy":"post_tag","embeddable":true,"href":"https:\/\/radiocresatelital.com\/index.php?rest_route=%2Fwp%2Fv2%2Ftags&post=1211"}],"curies":[{"name":"wp","href":"https:\/\/api.w.org\/{rel}","templated":true}]}}