{"id":1208,"date":"2023-07-14T19:01:11","date_gmt":"2023-07-14T19:01:11","guid":{"rendered":"https:\/\/radiocresatelital.com\/?p=1208"},"modified":"2023-07-14T19:01:11","modified_gmt":"2023-07-14T19:01:11","slug":"instituciones-de-respuesta-atienden-emergencias-ante-inundaciones-en-manabi","status":"publish","type":"post","link":"https:\/\/radiocresatelital.com\/?p=1208","title":{"rendered":"Instituciones de respuesta atienden emergencias ante inundaciones en Manab\u00ed"},"content":{"rendered":"<p>Portoviejo.- Desde la noche del 10 de julio 2023, se suscitaron fuertes lluvias en la provincia de Manab\u00ed, lo que provoc\u00f3 el aumento del caudal de los r\u00edos: Chone, Carrizal y Garrapatilla, el desborde del r\u00edo Facundo el cual actualmente ya se encuentra en su estado normal.<\/p>\n<p>Se presentaron inundaciones por el desbordamiento de los r\u00edos Oro y Pescadillo, lo que provoc\u00f3 la inundaci\u00f3n en la parte baja del centro de Flavio Alfaro. Al momento el nivel de los r\u00edos ha bajado considerablemente y con tendencia a seguir bajando de nivel.<\/p>\n<p>Producto de estas precipitaciones se han afectado los cantones: Flavio Alfaro, Chone, Tosagua y Bol\u00edvar.<\/p>\n<p>Como parte de las acciones interinstitucionales se han activado los Cuerpos de Bomberos y Unidades de Gesti\u00f3n de Riesgos de los Municipios involucrados, la Cruz Roja y dem\u00e1s instituciones que conforman el Sistema Nacional Descentralizado de Gesti\u00f3n de Riesgos para realizar la Evaluaci\u00f3n Inicial de Necesidades a las familias afectadas.<\/p>\n<p>Desde las bodegas de la SGR, se han movilizado 4,92 toneladas de kits de primera respuesta humanitaria (KPRH) hacia el cant\u00f3n Flavio Alfaro para atender a las familias afectadas por las inundaciones, adem\u00e1s se est\u00e1 brindando asesoramiento t\u00e9cnico al Ministerio de Inclusi\u00f3n Econ\u00f3mica y Social (MIES) sobre la herramienta para la Evaluaci\u00f3n Inicial de Necesidades (EVIN) para optimizar el levantamiento de datos en territorio de las familias afectadas.<\/p>\n<p>Mediante el levantamiento de informaci\u00f3n en la aplicaci\u00f3n EVIN Digital, se evidencian afectaciones espec\u00edficas de las familias, personas y viviendas.<\/p>\n<p>La SGR realiz\u00f3 la gesti\u00f3n con el MIES para la entrega de 90 bonos de contingencia, asimismo se contin\u00faa con la entrega de Asistencia Humanitaria para las familias afectadas.<\/p>\n<p>Maquinaria del GAD Provincial realiz\u00f3 limpieza de canales y cunetas de v\u00edas de segundo orden.<\/p>\n<p>Al momento, en el cant\u00f3n Flavio Alfaro se reportan las siguientes afectaciones:<\/p>\n<p>&#8211; 137 personas afectadas.<br \/>\n&#8211; 51 familias afectadas.<br \/>\n&#8211; 336 personas damnificadas.<br \/>\n&#8211; 109 familias damnificadas.<br \/>\n&#8211; 117 viviendas afectadas.<br \/>\n&#8211; 4 viviendas destruidas.<br \/>\n&#8211; 4 Unidades educativas afectadas funcionalmente, U.E Pablo Zamora, Col. Ma. Eugenia Duran Ball\u00e9n, Esc. Flavio Alfaro, U.E Rio CENEPA.<br \/>\n&#8211; 1 Centro de Salud Flavio Alfaro afectado.<\/p>\n<p>La Secretar\u00eda de Gesti\u00f3n de Riesgos, como l\u00edder del Sistema Nacional Descentralizado de Gesti\u00f3n de Riesgos, trabaja para garantizar la protecci\u00f3n de las personas y colectividades de los efectos negativos provocados por los eventos peligrosos.<\/p>\n","protected":false},"excerpt":{"rendered":"<p>Portoviejo.- Desde la noche del 10 de julio 2023, se suscitaron fuertes lluvias en la provincia de Manab\u00ed, lo que provoc\u00f3 el aumento del caudal de los r\u00edos: Chone, Carrizal y Garrapatilla, el desborde del r\u00edo Facundo el cual actualmente ya se encuentra en su estado normal. Se presentaron inundaciones por el desbordamiento de los [&hellip;]<\/p>\n","protected":false},"author":2,"featured_media":1209,"comment_status":"open","ping_status":"closed","sticky":false,"template":"","format":"standard","meta":{"_jetpack_memberships_contains_paid_content":false,"footnotes":""},"categories":[13],"tags":[290],"class_list":["post-1208","post","type-post","status-publish","format-standard","has-post-thumbnail","hentry","category-noticias-nacionales","tag-gad-manabi"],"jetpack_featured_media_url":"https:\/\/radiocresatelital.com\/wp-content\/uploads\/2023\/07\/f8832eb2-b532-4ea2-8316-0c58cfeff1a3.jpg","jetpack_sharing_enabled":true,"_links":{"self":[{"href":"https:\/\/radiocresatelital.com\/index.php?rest_route=\/wp\/v2\/posts\/1208","targetHints":{"allow":["GET"]}}],"collection":[{"href":"https:\/\/radiocresatelital.com\/index.php?rest_route=\/wp\/v2\/posts"}],"about":[{"href":"https:\/\/radiocresatelital.com\/index.php?rest_route=\/wp\/v2\/types\/post"}],"author":[{"embeddable":true,"href":"https:\/\/radiocresatelital.com\/index.php?rest_route=\/wp\/v2\/users\/2"}],"replies":[{"embeddable":true,"href":"https:\/\/radiocresatelital.com\/index.php?rest_route=%2Fwp%2Fv2%2Fcomments&post=1208"}],"version-history":[{"count":1,"href":"https:\/\/radiocresatelital.com\/index.php?rest_route=\/wp\/v2\/posts\/1208\/revisions"}],"predecessor-version":[{"id":1210,"href":"https:\/\/radiocresatelital.com\/index.php?rest_route=\/wp\/v2\/posts\/1208\/revisions\/1210"}],"wp:featuredmedia":[{"embeddable":true,"href":"https:\/\/radiocresatelital.com\/index.php?rest_route=\/wp\/v2\/media\/1209"}],"wp:attachment":[{"href":"https:\/\/radiocresatelital.com\/index.php?rest_route=%2Fwp%2Fv2%2Fmedia&parent=1208"}],"wp:term":[{"taxonomy":"category","embeddable":true,"href":"https:\/\/radiocresatelital.com\/index.php?rest_route=%2Fwp%2Fv2%2Fcategories&post=1208"},{"taxonomy":"post_tag","embeddable":true,"href":"https:\/\/radiocresatelital.com\/index.php?rest_route=%2Fwp%2Fv2%2Ftags&post=1208"}],"curies":[{"name":"wp","href":"https:\/\/api.w.org\/{rel}","templated":true}]}}