{"id":12055,"date":"2024-03-14T23:01:44","date_gmt":"2024-03-14T23:01:44","guid":{"rendered":"https:\/\/radiocresatelital.com\/?p=12055"},"modified":"2024-03-14T23:01:44","modified_gmt":"2024-03-14T23:01:44","slug":"se-define-equipo-para-billie-jean-king-cup-que-capitaneara-domenica-gonzalez","status":"publish","type":"post","link":"https:\/\/radiocresatelital.com\/?p=12055","title":{"rendered":"Se define equipo para Billie Jean King Cup que capitanear\u00e1 Dom\u00e9nica Gonz\u00e1lez"},"content":{"rendered":"<p>Guayaquil.- Camila Romero, Tania Andrade, Valentina Ponce y Valentina Vargas son las seleccionadas para representar al pa\u00eds en la Zona Am\u00e9rica I de la Billie Jean King Cup (BJKC) que se jugar\u00e1 en el Club Los Lagartos de Bogot\u00e1, Colombia, del 9 al 13 de abril de 2024.<\/p>\n<p>La capitana del equipo, Dom\u00e9nica Gonz\u00e1lez, no contar\u00e1 con Mell Reasco (# 938 ranking WTA) debido a sus compromisos universitarios en Estados Unidos. La debutante en esta n\u00f3mina es Valentina Vargas, de 16 a\u00f1os de edad y que ocupa el puesto 380 del ranking ITF junior.<\/p>\n<p>El ranking del resto de las jugadoras es el siguiente: Camila Romero (# 899 ranking WTA), Tania Andrade (# 1368 ranking ITF), Valentina Ponce (# 193 ranking ITF junior).<\/p>\n<p>Dom\u00e9nica Gonz\u00e1lez, ha representado al pa\u00eds en la BJKC como jugadora en seis ocasiones (2010, 2013, 2014, 2015, 2018 y 2022) en el certamen denominado la Copa Davis femenina. Adem\u00e1s, fue designada capitana de un equipo nacional en dos ocasiones: Juegos Bolivarianos del 2022 y del equipo femenino que jug\u00f3 el Campeonato Sudamericano sub-14 en 2023.<\/p>\n<p>Formato del evento<br \/>\nEn la Zona Americana I competir\u00e1n Argentina, Chile, Colombia, Ecuador, Per\u00fa y Venezuela, que se enfrentar\u00e1n todos contra todos y cada equipo disputar\u00e1 una serie (dos singles y un dobles, al mejor de tres sets) por d\u00eda.<\/p>\n<p>Las dos primeras del grupo clasificar\u00e1n a los playoffs a jugarse en noviembre de este a\u00f1o. Las dos \u00faltimas del grupo descender\u00e1n y competir\u00e1n en el grupo II de Am\u00e9rica en 2025.<\/p>\n<p>La Billie Jean King Cup, conocida como Copa Federaci\u00f3n (1963-1995) y Fed Cup (1995-2020), naci\u00f3 en 1963 para celebrar el 50 aniversario de la Federaci\u00f3n Internacional de Tenis (ITF).<\/p>\n","protected":false},"excerpt":{"rendered":"<p>Guayaquil.- Camila Romero, Tania Andrade, Valentina Ponce y Valentina Vargas son las seleccionadas para representar al pa\u00eds en la Zona Am\u00e9rica I de la Billie Jean King Cup (BJKC) que se jugar\u00e1 en el Club Los Lagartos de Bogot\u00e1, Colombia, del 9 al 13 de abril de 2024. La capitana del equipo, Dom\u00e9nica Gonz\u00e1lez, no [&hellip;]<\/p>\n","protected":false},"author":2,"featured_media":12056,"comment_status":"open","ping_status":"closed","sticky":false,"template":"","format":"standard","meta":{"_jetpack_memberships_contains_paid_content":false,"footnotes":""},"categories":[9,64],"tags":[357],"class_list":["post-12055","post","type-post","status-publish","format-standard","has-post-thumbnail","hentry","category-deportes","category-tenis","tag-billie-jean-king-cup"],"jetpack_featured_media_url":"https:\/\/radiocresatelital.com\/wp-content\/uploads\/2024\/03\/067dbdd4-e18c-42a0-a899-d703bbbda158.jpg","jetpack_sharing_enabled":true,"_links":{"self":[{"href":"https:\/\/radiocresatelital.com\/index.php?rest_route=\/wp\/v2\/posts\/12055","targetHints":{"allow":["GET"]}}],"collection":[{"href":"https:\/\/radiocresatelital.com\/index.php?rest_route=\/wp\/v2\/posts"}],"about":[{"href":"https:\/\/radiocresatelital.com\/index.php?rest_route=\/wp\/v2\/types\/post"}],"author":[{"embeddable":true,"href":"https:\/\/radiocresatelital.com\/index.php?rest_route=\/wp\/v2\/users\/2"}],"replies":[{"embeddable":true,"href":"https:\/\/radiocresatelital.com\/index.php?rest_route=%2Fwp%2Fv2%2Fcomments&post=12055"}],"version-history":[{"count":1,"href":"https:\/\/radiocresatelital.com\/index.php?rest_route=\/wp\/v2\/posts\/12055\/revisions"}],"predecessor-version":[{"id":12057,"href":"https:\/\/radiocresatelital.com\/index.php?rest_route=\/wp\/v2\/posts\/12055\/revisions\/12057"}],"wp:featuredmedia":[{"embeddable":true,"href":"https:\/\/radiocresatelital.com\/index.php?rest_route=\/wp\/v2\/media\/12056"}],"wp:attachment":[{"href":"https:\/\/radiocresatelital.com\/index.php?rest_route=%2Fwp%2Fv2%2Fmedia&parent=12055"}],"wp:term":[{"taxonomy":"category","embeddable":true,"href":"https:\/\/radiocresatelital.com\/index.php?rest_route=%2Fwp%2Fv2%2Fcategories&post=12055"},{"taxonomy":"post_tag","embeddable":true,"href":"https:\/\/radiocresatelital.com\/index.php?rest_route=%2Fwp%2Fv2%2Ftags&post=12055"}],"curies":[{"name":"wp","href":"https:\/\/api.w.org\/{rel}","templated":true}]}}