{"id":12052,"date":"2024-03-14T20:57:04","date_gmt":"2024-03-14T20:57:04","guid":{"rendered":"https:\/\/radiocresatelital.com\/?p=12052"},"modified":"2024-03-14T22:58:45","modified_gmt":"2024-03-14T22:58:45","slug":"el-80-de-cargos-directivos-de-humana-son-ocupados-por-mujeres","status":"publish","type":"post","link":"https:\/\/radiocresatelital.com\/?p=12052","title":{"rendered":"El 80% de cargos directivos de Humana son ocupados por mujeres"},"content":{"rendered":"<p>Quito.- Humana S.A., l\u00edder en el sector de la medicina prepagada, reafirma su compromiso continuo con la igualdad y equidad de g\u00e9nero en su gesti\u00f3n empresarial, es por eso que con un 80% de cargos directivos ocupados por mujeres, Humana marca un hito significativo en su camino hacia una cultura empresarial m\u00e1s inclusiva y din\u00e1mica, donde el talento y la capacidad se valoran independientemente del g\u00e9nero.<\/p>\n<p>Para respaldar este compromiso, la empresa ofrece modalidades de trabajo h\u00edbridas que permiten a las mujeres organizar eficazmente sus responsabilidades profesionales y personales.<\/p>\n<p>Por otro lado, en alianza con Metrofraternidad, Humana ha contribuido significativamente a mejorar la calidad de vida de ni\u00f1as y adolescentes a trav\u00e9s del acceso a cirug\u00edas de alta complejidad que les permite recuperar su salud.<\/p>\n<p>\u00abEn Humana, creemos firmemente que el \u00e9xito empresarial se construye sobre la base de la diversidad y la inclusi\u00f3n. Estamos orgullosos de contar con un equipo directivo altamente diverso, donde las mujeres desempe\u00f1an roles clave en la toma de decisiones estrat\u00e9gicas\u00bb. afirm\u00f3 Javier Contreras<\/p>\n<p>De esta forma la empresa reafirma su compromiso con la igualdad de g\u00e9nero y su determinaci\u00f3n para promover un entorno laboral donde todos los empleados puedan alcanzar su m\u00e1ximo potencial.<\/p>\n","protected":false},"excerpt":{"rendered":"<p>Quito.- Humana S.A., l\u00edder en el sector de la medicina prepagada, reafirma su compromiso continuo con la igualdad y equidad de g\u00e9nero en su gesti\u00f3n empresarial, es por eso que con un 80% de cargos directivos ocupados por mujeres, Humana marca un hito significativo en su camino hacia una cultura empresarial m\u00e1s inclusiva y din\u00e1mica, [&hellip;]<\/p>\n","protected":false},"author":2,"featured_media":12053,"comment_status":"open","ping_status":"closed","sticky":false,"template":"","format":"standard","meta":{"_jetpack_memberships_contains_paid_content":false,"footnotes":""},"categories":[13],"tags":[1757],"class_list":["post-12052","post","type-post","status-publish","format-standard","has-post-thumbnail","hentry","category-noticias-nacionales","tag-humana-s-a"],"jetpack_featured_media_url":"https:\/\/radiocresatelital.com\/wp-content\/uploads\/2024\/03\/FOTOGRAFIA-HUMANA.jpeg","jetpack_sharing_enabled":true,"_links":{"self":[{"href":"https:\/\/radiocresatelital.com\/index.php?rest_route=\/wp\/v2\/posts\/12052","targetHints":{"allow":["GET"]}}],"collection":[{"href":"https:\/\/radiocresatelital.com\/index.php?rest_route=\/wp\/v2\/posts"}],"about":[{"href":"https:\/\/radiocresatelital.com\/index.php?rest_route=\/wp\/v2\/types\/post"}],"author":[{"embeddable":true,"href":"https:\/\/radiocresatelital.com\/index.php?rest_route=\/wp\/v2\/users\/2"}],"replies":[{"embeddable":true,"href":"https:\/\/radiocresatelital.com\/index.php?rest_route=%2Fwp%2Fv2%2Fcomments&post=12052"}],"version-history":[{"count":1,"href":"https:\/\/radiocresatelital.com\/index.php?rest_route=\/wp\/v2\/posts\/12052\/revisions"}],"predecessor-version":[{"id":12054,"href":"https:\/\/radiocresatelital.com\/index.php?rest_route=\/wp\/v2\/posts\/12052\/revisions\/12054"}],"wp:featuredmedia":[{"embeddable":true,"href":"https:\/\/radiocresatelital.com\/index.php?rest_route=\/wp\/v2\/media\/12053"}],"wp:attachment":[{"href":"https:\/\/radiocresatelital.com\/index.php?rest_route=%2Fwp%2Fv2%2Fmedia&parent=12052"}],"wp:term":[{"taxonomy":"category","embeddable":true,"href":"https:\/\/radiocresatelital.com\/index.php?rest_route=%2Fwp%2Fv2%2Fcategories&post=12052"},{"taxonomy":"post_tag","embeddable":true,"href":"https:\/\/radiocresatelital.com\/index.php?rest_route=%2Fwp%2Fv2%2Ftags&post=12052"}],"curies":[{"name":"wp","href":"https:\/\/api.w.org\/{rel}","templated":true}]}}