{"id":1203,"date":"2023-07-14T18:56:28","date_gmt":"2023-07-14T18:56:28","guid":{"rendered":"https:\/\/radiocresatelital.com\/?p=1203"},"modified":"2023-07-14T18:57:56","modified_gmt":"2023-07-14T18:57:56","slug":"municipio-de-duran-ejecuto-la-primera-campana-integral-en-la-zona-rural-del-norte-de-duran","status":"publish","type":"post","link":"https:\/\/radiocresatelital.com\/?p=1203","title":{"rendered":"Municipio de Dur\u00e1n ejecut\u00f3 la primera campa\u00f1a integral en la zona rural del norte de Dur\u00e1n"},"content":{"rendered":"<p>Dur\u00e1n.- En el marco del trabajo preventivo liderado por el alcalde Luis Chonillo, el Municipio de Dur\u00e1n llev\u00f3 a cabo la primera campa\u00f1a integral que consisti\u00f3 en brindar asistencia en salud, fumigaci\u00f3n, reforestaci\u00f3n y veterinaria en sectores<br \/>\nde la zona rural norte de Dur\u00e1n.<\/p>\n<p>Durante esta jornada, alrededor de 190 habitantes de esta comunidad, entre ni\u00f1os, j\u00f3venes y adultos mayores recibieron atenci\u00f3n m\u00e9dica gratuita, medicinas, as\u00ed como tambi\u00e9n charlas preventivas frente a la llegada del fen\u00f3meno de \u201cEl<br \/>\nNi\u00f1o\u201d y de enfermedades propias de la estaci\u00f3n.<\/p>\n<p>Adem\u00e1s, se entregaron 230 kits de alimentos a familias del recinto \u201cLos \u00c1ngeles\u201d, y a sectores aleda\u00f1os como, Junquillo, Calentura Alta y Calentura Baja, para esta labor se cont\u00f3 con la intervenci\u00f3n de 25 agentes de control municipal que<br \/>\nayudaron con la log\u00edstica y distribuci\u00f3n de los v\u00edveres.<\/p>\n<p>De igual manera, preocupados por el bienestar de los ciudadanos se sumaron cuadrillas de fumigaci\u00f3n en todo el sector con el fin de erradicar criaderos de mosquitos causantes de enfermedades como dengue, zika y chikungunya.<\/p>\n<p>Blanca Zu\u00f1iga, habitante del recinto el Junquillo, agradeci\u00f3 la labor que ejecuta el alcalde Luis Chonillo, por llevar a cabo estas actividades en sectores que por mucho tiempo han sido olvidados.<\/p>\n<p>\u201cLa preocupaci\u00f3n de nuestro Alcalde es que lleguemos a estos lugares que hist\u00f3ricamente han sido abandonados. Estamos trabajando en conjunto, articulando acciones con todas las direcciones para poder llegar a todos los recintos.\u201d Puntualiz\u00f3 el director de Gesti\u00f3n de Riesgos, Jorge Rizzo.<\/p>\n<p>Adicionalmente, la Direcci\u00f3n de Ambiente, como parte de los programas, \u201cDur\u00e1n Animalista\u201d y \u201cDur\u00e1n Ambientalista\u201d, atendieron a m\u00e1s de 50 mascotas con chequeos generales, aplicaci\u00f3n de vitaminas y desparasitaci\u00f3n. Culminando la<br \/>\njornada con la siembra de 20 \u00e1rboles nativos en la que participaron tambi\u00e9n los moradores de la zona.<\/p>\n<p>Cabe destacar, que est\u00e1s jornadas por disposici\u00f3n del alcalde Luis Chonillo, se realizar\u00e1n una vez por semana en diferentes sectores del \u00e1rea rural de Dur\u00e1n.<\/p>\n","protected":false},"excerpt":{"rendered":"<p>Dur\u00e1n.- En el marco del trabajo preventivo liderado por el alcalde Luis Chonillo, el Municipio de Dur\u00e1n llev\u00f3 a cabo la primera campa\u00f1a integral que consisti\u00f3 en brindar asistencia en salud, fumigaci\u00f3n, reforestaci\u00f3n y veterinaria en sectores de la zona rural norte de Dur\u00e1n. Durante esta jornada, alrededor de 190 habitantes de esta comunidad, entre [&hellip;]<\/p>\n","protected":false},"author":2,"featured_media":1204,"comment_status":"open","ping_status":"closed","sticky":false,"template":"","format":"standard","meta":{"_jetpack_memberships_contains_paid_content":false,"footnotes":""},"categories":[13],"tags":[258],"class_list":["post-1203","post","type-post","status-publish","format-standard","has-post-thumbnail","hentry","category-noticias-nacionales","tag-alcaldia-duran"],"jetpack_featured_media_url":"https:\/\/radiocresatelital.com\/wp-content\/uploads\/2023\/07\/e3358a64-0dc6-4814-bc6c-e32c24b4b916.jpg","jetpack_sharing_enabled":true,"_links":{"self":[{"href":"https:\/\/radiocresatelital.com\/index.php?rest_route=\/wp\/v2\/posts\/1203","targetHints":{"allow":["GET"]}}],"collection":[{"href":"https:\/\/radiocresatelital.com\/index.php?rest_route=\/wp\/v2\/posts"}],"about":[{"href":"https:\/\/radiocresatelital.com\/index.php?rest_route=\/wp\/v2\/types\/post"}],"author":[{"embeddable":true,"href":"https:\/\/radiocresatelital.com\/index.php?rest_route=\/wp\/v2\/users\/2"}],"replies":[{"embeddable":true,"href":"https:\/\/radiocresatelital.com\/index.php?rest_route=%2Fwp%2Fv2%2Fcomments&post=1203"}],"version-history":[{"count":3,"href":"https:\/\/radiocresatelital.com\/index.php?rest_route=\/wp\/v2\/posts\/1203\/revisions"}],"predecessor-version":[{"id":1207,"href":"https:\/\/radiocresatelital.com\/index.php?rest_route=\/wp\/v2\/posts\/1203\/revisions\/1207"}],"wp:featuredmedia":[{"embeddable":true,"href":"https:\/\/radiocresatelital.com\/index.php?rest_route=\/wp\/v2\/media\/1204"}],"wp:attachment":[{"href":"https:\/\/radiocresatelital.com\/index.php?rest_route=%2Fwp%2Fv2%2Fmedia&parent=1203"}],"wp:term":[{"taxonomy":"category","embeddable":true,"href":"https:\/\/radiocresatelital.com\/index.php?rest_route=%2Fwp%2Fv2%2Fcategories&post=1203"},{"taxonomy":"post_tag","embeddable":true,"href":"https:\/\/radiocresatelital.com\/index.php?rest_route=%2Fwp%2Fv2%2Ftags&post=1203"}],"curies":[{"name":"wp","href":"https:\/\/api.w.org\/{rel}","templated":true}]}}