{"id":12016,"date":"2024-03-14T20:45:07","date_gmt":"2024-03-14T20:45:07","guid":{"rendered":"https:\/\/radiocresatelital.com\/?p=12016"},"modified":"2024-03-14T20:45:07","modified_gmt":"2024-03-14T20:45:07","slug":"120-hectareas-del-parque-samanes-fueron-intervenidas-por-brigadas-de-fumigacion-y-control-de-vectores-de-la-direccion-de-salud","status":"publish","type":"post","link":"https:\/\/radiocresatelital.com\/?p=12016","title":{"rendered":"120 hect\u00e1reas del Parque Samanes fueron intervenidas por brigadas de fumigaci\u00f3n y control de vectores de la Direcci\u00f3n de Salud"},"content":{"rendered":"<p>Guayaquil.- Con el fin de prevenir plagas y dem\u00e1s enfermedades propias de la \u00e9poca invernal, brigadas de fumigaci\u00f3n y control de vectores de la Direcci\u00f3n de Salud intervinieron 120 hect\u00e1reas del Parque Samanes la ma\u00f1ana de este jueves 14 de marzo. El recorrido incluy\u00f3 las instalaciones del estadio Christian Ben\u00edtez y sus alrededores.<\/p>\n<p>Jessenia Bravo, jefa de Control de Vectores, indic\u00f3 que se ha duplicado el personal a cargo de las fumigaciones para atender todos los pedidos que ingresan mediante la plataforma \u2018Alcald\u00eda responde\u2019. \u201cA nosotros nos ingresan aproximadamente de 15 a 20 pedidos diarios solicitando fumigaci\u00f3n, debido tambi\u00e9n a la temporada invernal aumentan los casos de enfermedades y la gente necesita fumigaci\u00f3n\u201d, agreg\u00f3 la funcionaria.<\/p>\n<p>Los trabajos de fumigaci\u00f3n se realizaron con motomochilas y m\u00e1quinas termonebulizadora.<\/p>\n<p>En enero y febrero de este a\u00f1o, la Direcci\u00f3n de Salud atendi\u00f3 a 294.981 ciudadanos con la fumigaci\u00f3n de 51.767 viviendas. Esta intervenci\u00f3n forma parte de los esfuerzos que realiza la Alcald\u00eda de Guayaquil para devolverle los espacios p\u00fablicos a los ciudadanos en un ambiente saludable y seguro.<\/p>\n<p>La ciudadan\u00eda puede realizar sus denuncias en el portal web https:\/\/gadgyerequerimientos.tuvoz.social\/alcaldia-responde<\/p>\n","protected":false},"excerpt":{"rendered":"<p>Guayaquil.- Con el fin de prevenir plagas y dem\u00e1s enfermedades propias de la \u00e9poca invernal, brigadas de fumigaci\u00f3n y control de vectores de la Direcci\u00f3n de Salud intervinieron 120 hect\u00e1reas del Parque Samanes la ma\u00f1ana de este jueves 14 de marzo. El recorrido incluy\u00f3 las instalaciones del estadio Christian Ben\u00edtez y sus alrededores. Jessenia Bravo, [&hellip;]<\/p>\n","protected":false},"author":2,"featured_media":12017,"comment_status":"open","ping_status":"closed","sticky":false,"template":"","format":"standard","meta":{"_jetpack_memberships_contains_paid_content":false,"footnotes":""},"categories":[13],"tags":[114],"class_list":["post-12016","post","type-post","status-publish","format-standard","has-post-thumbnail","hentry","category-noticias-nacionales","tag-municipio-de-guayaquil"],"jetpack_featured_media_url":"https:\/\/radiocresatelital.com\/wp-content\/uploads\/2024\/03\/GIqD6jkWcAIFZKL.jpeg","jetpack_sharing_enabled":true,"_links":{"self":[{"href":"https:\/\/radiocresatelital.com\/index.php?rest_route=\/wp\/v2\/posts\/12016","targetHints":{"allow":["GET"]}}],"collection":[{"href":"https:\/\/radiocresatelital.com\/index.php?rest_route=\/wp\/v2\/posts"}],"about":[{"href":"https:\/\/radiocresatelital.com\/index.php?rest_route=\/wp\/v2\/types\/post"}],"author":[{"embeddable":true,"href":"https:\/\/radiocresatelital.com\/index.php?rest_route=\/wp\/v2\/users\/2"}],"replies":[{"embeddable":true,"href":"https:\/\/radiocresatelital.com\/index.php?rest_route=%2Fwp%2Fv2%2Fcomments&post=12016"}],"version-history":[{"count":1,"href":"https:\/\/radiocresatelital.com\/index.php?rest_route=\/wp\/v2\/posts\/12016\/revisions"}],"predecessor-version":[{"id":12018,"href":"https:\/\/radiocresatelital.com\/index.php?rest_route=\/wp\/v2\/posts\/12016\/revisions\/12018"}],"wp:featuredmedia":[{"embeddable":true,"href":"https:\/\/radiocresatelital.com\/index.php?rest_route=\/wp\/v2\/media\/12017"}],"wp:attachment":[{"href":"https:\/\/radiocresatelital.com\/index.php?rest_route=%2Fwp%2Fv2%2Fmedia&parent=12016"}],"wp:term":[{"taxonomy":"category","embeddable":true,"href":"https:\/\/radiocresatelital.com\/index.php?rest_route=%2Fwp%2Fv2%2Fcategories&post=12016"},{"taxonomy":"post_tag","embeddable":true,"href":"https:\/\/radiocresatelital.com\/index.php?rest_route=%2Fwp%2Fv2%2Ftags&post=12016"}],"curies":[{"name":"wp","href":"https:\/\/api.w.org\/{rel}","templated":true}]}}