{"id":12013,"date":"2024-03-14T20:33:09","date_gmt":"2024-03-14T20:33:09","guid":{"rendered":"https:\/\/radiocresatelital.com\/?p=12013"},"modified":"2024-03-14T20:33:09","modified_gmt":"2024-03-14T20:33:09","slug":"ecuador-asume-la-presidencia-del-comite-latinoamericano-de-seguridad-interior-clasi","status":"publish","type":"post","link":"https:\/\/radiocresatelital.com\/?p=12013","title":{"rendered":"Ecuador asume la Presidencia del Comit\u00e9 Latinoamericano de Seguridad Interior (CLASI)"},"content":{"rendered":"<p>Quito.-\u00a0Desde el 13 de marzo, Ecuador asume la presidencia pro tempore del Comit\u00e9 Latinoamericano de Seguridad Interior (CLASI) por el periodo marzo 2024 \u2013 2025. La ministra de Gobierno y del Interior (e), M\u00f3nica Palencia, recibi\u00f3 la presidencia a nombre del pa\u00eds Ecuador se compromete a liderar los esfuerzos en la promoci\u00f3n de la seguridad y la cooperaci\u00f3n regional, al liderar este organismo que agrupa a representantes de los ministerios del Interior de pa\u00edses de Am\u00e9rica Latina.<\/p>\n<p>Durante la cumbre de ministros y ministras, que se llev\u00f3 acabo en Ciudad de Panam\u00e1, la ministra M\u00f3nica Palencia, en su calidad de presidenta, reafirm\u00f3 su compromiso de continuar con la aplicaci\u00f3n de las redes y planes de trabajo previamente aprobados e impulsar nuevas l\u00edneas de acci\u00f3n para fortalecer la cooperaci\u00f3n mutua.<\/p>\n<p>\u201cAsumimos a nombre de la Rep\u00fablica del Ecuador con mucha responsabilidad esta encomienda. Hoy debemos enfrentar a una delincuencia organizada transnacional, sin fronteras. Estamos en la lucha por la seguridad de una ciudadan\u00eda que desea la libertad democr\u00e1tica, de expresi\u00f3n y de empresa con responsabilidad social\u201d, afirm\u00f3 Palencia.<\/p>\n<p>La Ministra agradeci\u00f3 el apoyo que brinda la Uni\u00f3n Europea a este organismo y destac\u00f3 que el CLASI es un espacio que naci\u00f3 hace dos a\u00f1os para dar seguimiento a un grupo espec\u00edfico de delitos. Hizo un llamado a consolidar una gran uni\u00f3n latinoamericana para convertir al Comit\u00e9 en un gran proyecto con valor de supranacionalidad, a partir de una colaboraci\u00f3n que vaya m\u00e1s all\u00e1 de las fronteras para afrontar los desaf\u00edos comunes.<\/p>\n<p>Las l\u00edneas de trabajo propuestas por Ecuador son:<\/p>\n<ul>\n<li>Fortalecer la Cooperaci\u00f3n con AMERIPOL y EUROPOL.<\/li>\n<li>Respetar el Estado de Derecho y los Derechos Humanos.<\/li>\n<li>Coordinar Pol\u00edticas P\u00fablicas de Seguridad en Am\u00e9rica Latina.<\/li>\n<li>Evaluar la creaci\u00f3n de nuevos instrumentos de cooperaci\u00f3n.<\/li>\n<li>Instituir la Secretar\u00eda del CLASI y su futuro como organismo supranacional.<\/li>\n<li>Gestionar la reuni\u00f3n de oficiales de enlace policial del CLASI.<\/li>\n<li>Impulsar los Planes de Acci\u00f3n Operativa.<\/li>\n<li>Incorporar buenas pr\u00e1cticas de la cooperaci\u00f3n internacional: caso Plan de Seguridad de la CAN (mesas de trabajo).<\/li>\n<\/ul>\n<p>Durante su estad\u00eda en Panam\u00e1, la funcionaria del Gobierno ecuatoriano se reuni\u00f3 con los representantes de Pa\u00edses Bajos y Chile, con qui\u00e9nes deline\u00f3 oportunidades de cooperaci\u00f3n en materia de seguridad que incluyen intercambios de informaci\u00f3n, apoyo con tecnolog\u00eda, planes territoriales, revisi\u00f3n de rutas del narcotr\u00e1fico, creaci\u00f3n de unidades especializadas, entre otros.<\/p>\n","protected":false},"excerpt":{"rendered":"<p>Quito.-\u00a0Desde el 13 de marzo, Ecuador asume la presidencia pro tempore del Comit\u00e9 Latinoamericano de Seguridad Interior (CLASI) por el periodo marzo 2024 \u2013 2025. La ministra de Gobierno y del Interior (e), M\u00f3nica Palencia, recibi\u00f3 la presidencia a nombre del pa\u00eds Ecuador se compromete a liderar los esfuerzos en la promoci\u00f3n de la seguridad [&hellip;]<\/p>\n","protected":false},"author":2,"featured_media":12014,"comment_status":"open","ping_status":"closed","sticky":false,"template":"","format":"standard","meta":{"_jetpack_memberships_contains_paid_content":false,"footnotes":""},"categories":[13],"tags":[2006,1403],"class_list":["post-12013","post","type-post","status-publish","format-standard","has-post-thumbnail","hentry","category-noticias-nacionales","tag-comite-latinoamericano-de-seguridad-interior","tag-ministra-de-gobierno-y-del-interior"],"jetpack_featured_media_url":"https:\/\/radiocresatelital.com\/wp-content\/uploads\/2024\/03\/clasi.jpg","jetpack_sharing_enabled":true,"_links":{"self":[{"href":"https:\/\/radiocresatelital.com\/index.php?rest_route=\/wp\/v2\/posts\/12013","targetHints":{"allow":["GET"]}}],"collection":[{"href":"https:\/\/radiocresatelital.com\/index.php?rest_route=\/wp\/v2\/posts"}],"about":[{"href":"https:\/\/radiocresatelital.com\/index.php?rest_route=\/wp\/v2\/types\/post"}],"author":[{"embeddable":true,"href":"https:\/\/radiocresatelital.com\/index.php?rest_route=\/wp\/v2\/users\/2"}],"replies":[{"embeddable":true,"href":"https:\/\/radiocresatelital.com\/index.php?rest_route=%2Fwp%2Fv2%2Fcomments&post=12013"}],"version-history":[{"count":1,"href":"https:\/\/radiocresatelital.com\/index.php?rest_route=\/wp\/v2\/posts\/12013\/revisions"}],"predecessor-version":[{"id":12015,"href":"https:\/\/radiocresatelital.com\/index.php?rest_route=\/wp\/v2\/posts\/12013\/revisions\/12015"}],"wp:featuredmedia":[{"embeddable":true,"href":"https:\/\/radiocresatelital.com\/index.php?rest_route=\/wp\/v2\/media\/12014"}],"wp:attachment":[{"href":"https:\/\/radiocresatelital.com\/index.php?rest_route=%2Fwp%2Fv2%2Fmedia&parent=12013"}],"wp:term":[{"taxonomy":"category","embeddable":true,"href":"https:\/\/radiocresatelital.com\/index.php?rest_route=%2Fwp%2Fv2%2Fcategories&post=12013"},{"taxonomy":"post_tag","embeddable":true,"href":"https:\/\/radiocresatelital.com\/index.php?rest_route=%2Fwp%2Fv2%2Ftags&post=12013"}],"curies":[{"name":"wp","href":"https:\/\/api.w.org\/{rel}","templated":true}]}}