{"id":12007,"date":"2024-03-14T14:08:34","date_gmt":"2024-03-14T14:08:34","guid":{"rendered":"https:\/\/radiocresatelital.com\/?p=12007"},"modified":"2024-03-14T14:08:34","modified_gmt":"2024-03-14T14:08:34","slug":"investigacion-penal-independiente-para-anderson-boscan-por-sus-chats-con-leandro-norero","status":"publish","type":"post","link":"https:\/\/radiocresatelital.com\/?p=12007","title":{"rendered":"Investigaci\u00f3n penal independiente para Anderson Boscan por sus chats con Leandro Norero"},"content":{"rendered":"<p>Quito.- La Fiscal\u00eda General del Estado, decidi\u00f3 abrir una investigaci\u00f3n penal, en contra del periodista Andersson Bosc\u00e1n, por el presunto delito de \u00abacci\u00f3n p\u00fablica\u00bb.<\/p>\n<p>La <strong>Fiscal\u00eda<\/strong> sustenta el pedido de investigaci\u00f3n en el informe t\u00e9cnico pericial de inform\u00e1tica forense n\u00famero \u00abDINITEC-Z9-JCRIM-IFO-2024-0163-PER\u00bb. All\u00ed estar\u00edan la transcripci\u00f3n de las conversaciones que manten\u00eda el periodista con el narcotraficante Leandro Norero, mediante la aplicaci\u00f3n <strong>Threema.<\/strong><\/p>\n<p>Ante el anuncio de la acci\u00f3n legal, Bosc\u00e1n respondi\u00f3 mediante sus redes \u00abCelebro que Fiscal\u00eda investigue, lejos de met\u00e1stasis y sus delitos asociados al crimen organizado, las 34 p\u00e1ginas de chats que me pertenecen en un expediente de 50 mil. Por supuesto, ya he rendido y seguir\u00e9 rindiendo explicaciones. Lamento desinflarles la emoci\u00f3n a un par ???? (SIC)\u00bb.<\/p>\n","protected":false},"excerpt":{"rendered":"<p>Quito.- La Fiscal\u00eda General del Estado, decidi\u00f3 abrir una investigaci\u00f3n penal, en contra del periodista Andersson Bosc\u00e1n, por el presunto delito de \u00abacci\u00f3n p\u00fablica\u00bb. La Fiscal\u00eda sustenta el pedido de investigaci\u00f3n en el informe t\u00e9cnico pericial de inform\u00e1tica forense n\u00famero \u00abDINITEC-Z9-JCRIM-IFO-2024-0163-PER\u00bb. All\u00ed estar\u00edan la transcripci\u00f3n de las conversaciones que manten\u00eda el periodista con el narcotraficante [&hellip;]<\/p>\n","protected":false},"author":3,"featured_media":12008,"comment_status":"open","ping_status":"closed","sticky":false,"template":"","format":"standard","meta":{"_jetpack_memberships_contains_paid_content":false,"footnotes":""},"categories":[13],"tags":[],"class_list":["post-12007","post","type-post","status-publish","format-standard","has-post-thumbnail","hentry","category-noticias-nacionales"],"jetpack_featured_media_url":"https:\/\/radiocresatelital.com\/wp-content\/uploads\/2024\/03\/andersson-boscan-1.jpeg","jetpack_sharing_enabled":true,"_links":{"self":[{"href":"https:\/\/radiocresatelital.com\/index.php?rest_route=\/wp\/v2\/posts\/12007","targetHints":{"allow":["GET"]}}],"collection":[{"href":"https:\/\/radiocresatelital.com\/index.php?rest_route=\/wp\/v2\/posts"}],"about":[{"href":"https:\/\/radiocresatelital.com\/index.php?rest_route=\/wp\/v2\/types\/post"}],"author":[{"embeddable":true,"href":"https:\/\/radiocresatelital.com\/index.php?rest_route=\/wp\/v2\/users\/3"}],"replies":[{"embeddable":true,"href":"https:\/\/radiocresatelital.com\/index.php?rest_route=%2Fwp%2Fv2%2Fcomments&post=12007"}],"version-history":[{"count":1,"href":"https:\/\/radiocresatelital.com\/index.php?rest_route=\/wp\/v2\/posts\/12007\/revisions"}],"predecessor-version":[{"id":12009,"href":"https:\/\/radiocresatelital.com\/index.php?rest_route=\/wp\/v2\/posts\/12007\/revisions\/12009"}],"wp:featuredmedia":[{"embeddable":true,"href":"https:\/\/radiocresatelital.com\/index.php?rest_route=\/wp\/v2\/media\/12008"}],"wp:attachment":[{"href":"https:\/\/radiocresatelital.com\/index.php?rest_route=%2Fwp%2Fv2%2Fmedia&parent=12007"}],"wp:term":[{"taxonomy":"category","embeddable":true,"href":"https:\/\/radiocresatelital.com\/index.php?rest_route=%2Fwp%2Fv2%2Fcategories&post=12007"},{"taxonomy":"post_tag","embeddable":true,"href":"https:\/\/radiocresatelital.com\/index.php?rest_route=%2Fwp%2Fv2%2Ftags&post=12007"}],"curies":[{"name":"wp","href":"https:\/\/api.w.org\/{rel}","templated":true}]}}