{"id":11641,"date":"2024-03-04T21:08:34","date_gmt":"2024-03-04T21:08:34","guid":{"rendered":"https:\/\/radiocresatelital.com\/?p=11641"},"modified":"2024-03-04T21:08:34","modified_gmt":"2024-03-04T21:08:34","slug":"ecuador-promueve-inversion-minera-sostenible-durante-ecuador-day-en-toronto","status":"publish","type":"post","link":"https:\/\/radiocresatelital.com\/?p=11641","title":{"rendered":"Ecuador promueve inversi\u00f3n minera sostenible durante \u201cECUADOR DAY\u201d, en Toronto"},"content":{"rendered":"<p>Toronto.- Continuando con su agenda en Canad\u00e1, hoy el presidente de la Rep\u00fablica, Daniel Noboa Azin, particip\u00f3 en el evento \u00abEcuador Day\u00bb, organizado por la C\u00e1mara de Miner\u00eda de Ecuador, en el marco de la Convenci\u00f3n Mundial de Exploraci\u00f3n y Miner\u00eda en Toronto. El prop\u00f3sito fue destacar el potencial minero de Ecuador y fomentar la inversi\u00f3n extranjera en el sector.<\/p>\n<p>Durante el evento que forma parte de la convenci\u00f3n reconocida como una de las m\u00e1s importantes a nivel mundial en la industria minera, el Presidente subray\u00f3 el papel crucial que desempe\u00f1a la miner\u00eda en la econom\u00eda ecuatoriana. Explic\u00f3 que esta actividad se ha consolidado como el cuarto producto de exportaci\u00f3n del pa\u00eds, generando empleo, regal\u00edas para las comunidades, ingresos para el Estado y ganancias para las empresas.<\/p>\n<p>Por ello, la participaci\u00f3n en este evento, que re\u00fane expertos, empresarios e inversionistas de todo el mundo, es una oportunidad para identificar fuentes de inversi\u00f3n y exponer los principales beneficios que ofrece Ecuador a este sector.<\/p>\n<p>En esta edici\u00f3n de la convenci\u00f3n, se abordaron temas clave como la sostenibilidad, la innovaci\u00f3n tecnol\u00f3gica y la responsabilidad social corporativa en la miner\u00eda. Tambi\u00e9n se destacaron los avances en pr\u00e1cticas ambientales y comunitarias, as\u00ed como la necesidad de adoptar tecnolog\u00edas m\u00e1s limpias y eficientes para reducir el impacto ambiental.<\/p>\n<p>Precisamente, el Nuevo Ecuador apunta a desarrollar una miner\u00eda sostenible, enfocada en el progreso del pa\u00eds mediante el delineamiento de un plan estrat\u00e9gico que fortalezca el sector minero; incluyendo el an\u00e1lisis de las pol\u00edticas mineras actuales, proyectos que se encuentran en marcha y el combate a la miner\u00eda ilegal como pol\u00edtica p\u00fablica.<\/p>\n<p>En relaci\u00f3n a estas actividades il\u00edcitas, se se\u00f1al\u00f3 que esas pr\u00e1cticas no solo destruyen el medioambiente sino al tejido social. Por ello, en el pa\u00eds se redoblan esfuerzos para recuperar la seguridad a escala nacional y establecer actividades formales para desincentivar la delincuencia.<\/p>\n<p>La ministra de Energ\u00eda y Minas, Andrea Arrobo, indic\u00f3 que, bajo el liderazgo del presidente Noboa, los par\u00e1metros establecidos en esta nueva pol\u00edtica minera nacional se levantan en colaboraci\u00f3n con otros actores involucrados, con el fin de contemplar iniciativas y preocupaciones reales de la ciudadan\u00eda.<\/p>\n<p>En ese sentido, resalt\u00f3 la relevancia del impacto social como un pilar clave para la conformaci\u00f3n e implementaci\u00f3n de proyectos mineros: \u201cConectar con la comunidad es solo el punto de partida. No se trata solo de hablar sobre el proyecto o de obtener todos los permisos, sino de involucrar a la sociedad, hacerlos parte de la historia, escuchar sus demandas y conectar con sus necesidades\u201d. El Jefe de Estado coincidi\u00f3 en esto al resaltar que todos los proyectos en \u00e1reas estrat\u00e9gicas deben implementar medidas de impacto social.<\/p>\n<p>Noboa tambi\u00e9n detall\u00f3 que su Gobierno trabaja para continuar fortaleciendo el crecimiento de sectores estrat\u00e9gicos como miner\u00eda y energ\u00eda, mediante decisiones claras en materia econ\u00f3mica. Por ejemplo, actualmente cinco leyes de urgencia econ\u00f3mica han sido enviadas al Legislativo y tres de ellas ya han sido aprobadas con mayor\u00eda, lo que refleja \u2013adem\u00e1s- una<br \/>\nimportante gesti\u00f3n pol\u00edtica por la gobernabilidad.<\/p>\n<p>Una de estas propuestas normativas plantea iniciativas para fortalecer al sector el\u00e9ctrico. Adem\u00e1s, el Gobierno del Nuevo Ecuador trabaja por establecer mecanismos de alianza con industrias complementarias como miner\u00eda y energ\u00eda, transmisi\u00f3n el\u00e9ctrica, agua, operaci\u00f3n log\u00edstica, entre otras. El Presidente detall\u00f3 que estas propuestas har\u00e1n que las operaciones de<br \/>\nestos sectores sean m\u00e1s rentables y favorezcan al pa\u00eds.<\/p>\n<p>Otra ley que ya est\u00e1 en vigencia, brinda incentivos tributarios para que m\u00e1s empresas generen empleo para j\u00f3venes. Y los primeros resultados ya se est\u00e1n evidenciando. En la misma l\u00ednea, la ministra de Producci\u00f3n, Comercio Exterior, Inversiones y Pesca, Sonsoles Garc\u00eda, brind\u00f3 detalles sobre la pol\u00edtica de comercio e inversi\u00f3n abierta al mundo, la dolarizaci\u00f3n, los incentivos fiscales para empresarios que generen empleos para j\u00f3venes, y la ubicaci\u00f3n privilegiada del pa\u00eds en la regi\u00f3n; como aspectos positivos para la inversi\u00f3n.<\/p>\n<p>El presidente Noboa finaliz\u00f3 su intervenci\u00f3n invitando a las compa\u00f1\u00edas participantes en este encuentro a creer en las oportunidades que brinda Ecuador y en los procesos que est\u00e1 emprendiendo para convertirse en un nuevo pa\u00eds.<\/p>\n","protected":false},"excerpt":{"rendered":"<p>Toronto.- Continuando con su agenda en Canad\u00e1, hoy el presidente de la Rep\u00fablica, Daniel Noboa Azin, particip\u00f3 en el evento \u00abEcuador Day\u00bb, organizado por la C\u00e1mara de Miner\u00eda de Ecuador, en el marco de la Convenci\u00f3n Mundial de Exploraci\u00f3n y Miner\u00eda en Toronto. El prop\u00f3sito fue destacar el potencial minero de Ecuador y fomentar la [&hellip;]<\/p>\n","protected":false},"author":2,"featured_media":11642,"comment_status":"open","ping_status":"closed","sticky":false,"template":"","format":"standard","meta":{"_jetpack_memberships_contains_paid_content":false,"footnotes":""},"categories":[13],"tags":[1952,1322],"class_list":["post-11641","post","type-post","status-publish","format-standard","has-post-thumbnail","hentry","category-noticias-nacionales","tag-ecuador-day","tag-presidente-daniel-noboa"],"jetpack_featured_media_url":"https:\/\/radiocresatelital.com\/wp-content\/uploads\/2024\/03\/53567831271_172dd348bc_c-1.jpg","jetpack_sharing_enabled":true,"_links":{"self":[{"href":"https:\/\/radiocresatelital.com\/index.php?rest_route=\/wp\/v2\/posts\/11641","targetHints":{"allow":["GET"]}}],"collection":[{"href":"https:\/\/radiocresatelital.com\/index.php?rest_route=\/wp\/v2\/posts"}],"about":[{"href":"https:\/\/radiocresatelital.com\/index.php?rest_route=\/wp\/v2\/types\/post"}],"author":[{"embeddable":true,"href":"https:\/\/radiocresatelital.com\/index.php?rest_route=\/wp\/v2\/users\/2"}],"replies":[{"embeddable":true,"href":"https:\/\/radiocresatelital.com\/index.php?rest_route=%2Fwp%2Fv2%2Fcomments&post=11641"}],"version-history":[{"count":1,"href":"https:\/\/radiocresatelital.com\/index.php?rest_route=\/wp\/v2\/posts\/11641\/revisions"}],"predecessor-version":[{"id":11643,"href":"https:\/\/radiocresatelital.com\/index.php?rest_route=\/wp\/v2\/posts\/11641\/revisions\/11643"}],"wp:featuredmedia":[{"embeddable":true,"href":"https:\/\/radiocresatelital.com\/index.php?rest_route=\/wp\/v2\/media\/11642"}],"wp:attachment":[{"href":"https:\/\/radiocresatelital.com\/index.php?rest_route=%2Fwp%2Fv2%2Fmedia&parent=11641"}],"wp:term":[{"taxonomy":"category","embeddable":true,"href":"https:\/\/radiocresatelital.com\/index.php?rest_route=%2Fwp%2Fv2%2Fcategories&post=11641"},{"taxonomy":"post_tag","embeddable":true,"href":"https:\/\/radiocresatelital.com\/index.php?rest_route=%2Fwp%2Fv2%2Ftags&post=11641"}],"curies":[{"name":"wp","href":"https:\/\/api.w.org\/{rel}","templated":true}]}}