{"id":11584,"date":"2024-03-02T18:48:44","date_gmt":"2024-03-02T18:48:44","guid":{"rendered":"https:\/\/radiocresatelital.com\/?p=11584"},"modified":"2024-03-02T18:53:38","modified_gmt":"2024-03-02T18:53:38","slug":"la-zona-rural-es-la-prioridad-en-la-agenda-de-la-prefecta-marcela-aguinaga","status":"publish","type":"post","link":"https:\/\/radiocresatelital.com\/?p=11584","title":{"rendered":"La zona rural es la prioridad en la agenda de la prefecta Marcela Agui\u00f1aga"},"content":{"rendered":"<p><span style=\"font-weight: 400;\">Guayaquil.- \u00abMi trabajo es que se sientan cuidados por la Prefectura Ciudadana del Guayas\u00bb. Las palabras pronunciadas por la prefecta Marcela Agui\u00f1aga, durante la jornada de este viernes 1 de marzo, sintetizan la prioridad de su administraci\u00f3n por los habitantes de las zonas m\u00e1s vulnerables, para lograr su desarrollo y atender las emergencias por las lluvias e inundaciones.<\/span><\/p>\n<p><span style=\"font-weight: 400;\">La jornada de este viernes empez\u00f3 en la ma\u00f1ana, cuando la ejecutiva guayasense recibi\u00f3 1.000 cartones de alimentos donados por la Corporaci\u00f3n El Rosado. Estos se sumar\u00e1n a la ayuda humanitaria que brinda la instituci\u00f3n a las familias afectadas por el invierno.<\/span><\/p>\n<p><span style=\"font-weight: 400;\">Luego, la prefecta Agui\u00f1aga se traslad\u00f3 hasta el cant\u00f3n Salitre. Navegando un breve tramo del r\u00edo Vinces, lleg\u00f3 el malec\u00f3n de La Bocana, a bordo de la tercera lancha para salvamento acu\u00e1tico que don\u00f3 al Cuerpo de Bomberos de la localidad, con su respectivo motor fuera de borda y equipamiento para salvamento acu\u00e1tico.\u00a0<\/span><\/p>\n<p><span style=\"font-weight: 400;\">El objetivo es lograr el fortalecimiento de las instituciones bomberiles en los cantones m\u00e1s vulnerables y que carecen de recursos. Durante la ceremonia la acompa\u00f1aron el alcalde de Salitre, Milton Moreno, y el comandante de los Bomberos de Salitre, Santiago Muriel.<\/span><\/p>\n<p><span style=\"font-weight: 400;\">La agenda de la prefecta Agui\u00f1aga incluy\u00f3 la verificaci\u00f3n del proceso del pago Bono Agr\u00edcola Solidario. Por eso, estuvo en la parroquia El Laurel junto a campesinos que sufrieron la p\u00e9rdida total de sus cultivos y a quienes traslad\u00f3 hasta las instalaciones de BanEcuador, en Daule, para que pudieran realizar el cobro.\u00a0<\/span><\/p>\n<p><span style=\"font-weight: 400;\">Al momento, inform\u00f3, son 500 los beneficiarios que ya han podido acceder al cobro, mientras se contin\u00faa con el proceso de verificaci\u00f3n de los predios de los m\u00e1s de 12.000 inscritos.\u00a0<\/span><\/p>\n<p><span style=\"font-weight: 400;\">En El Laurel, tambi\u00e9n aprovech\u00f3 para recordar que el proceso de inscripci\u00f3n y verificaci\u00f3n es gratuito, de ah\u00ed que advirti\u00f3 con retirar de futuros programas a las personas o dirigentes que cobren por el tr\u00e1mite o a las asociaciones que amenacen con retirar del proceso a los socios que no asistan a las reuniones gremiales. \u201cEstamos invirtiendo en la gente que lo perdi\u00f3 todo y no se necesita intermediarios\u201d, subray\u00f3.<\/span><\/p>\n<p><span style=\"font-weight: 400;\">Finalmente, la prefecta Marcela Agui\u00f1aga y el viceprefecto Carlos Serrano participaron en un conversatorio con el sector agr\u00edcola, con la asistencia de m\u00e1s de 300 miembros de asociaciones y habitantes de recintos de Samborond\u00f3n. Tomaron notas de sus necesidades e informaron de las acciones para fortalecer al agro.<\/span><\/p>\n<p><span style=\"font-weight: 400;\">\u201cPor segunda ocasi\u00f3n nos reunimos con usted y vemos que su gesti\u00f3n est\u00e1 bien dirigida\u201d, le dijo el dirigente Kirk Mart\u00ednez Valarezo. Mientras que Franklin Calder\u00f3n se hizo eco de las palabras de la prefecta Agui\u00f1aga para hacer un llamado a la unidad para salir adelante.<\/span><\/p>\n","protected":false},"excerpt":{"rendered":"<p>Guayaquil.- \u00abMi trabajo es que se sientan cuidados por la Prefectura Ciudadana del Guayas\u00bb. Las palabras pronunciadas por la prefecta Marcela Agui\u00f1aga, durante la jornada de este viernes 1 de marzo, sintetizan la prioridad de su administraci\u00f3n por los habitantes de las zonas m\u00e1s vulnerables, para lograr su desarrollo y atender las emergencias por las [&hellip;]<\/p>\n","protected":false},"author":2,"featured_media":11585,"comment_status":"open","ping_status":"closed","sticky":false,"template":"","format":"standard","meta":{"_jetpack_memberships_contains_paid_content":false,"footnotes":""},"categories":[13],"tags":[248,415],"class_list":["post-11584","post","type-post","status-publish","format-standard","has-post-thumbnail","hentry","category-noticias-nacionales","tag-marcela-aguinaga","tag-prefectura-ciudadana-del-guayas"],"jetpack_featured_media_url":"https:\/\/radiocresatelital.com\/wp-content\/uploads\/2024\/03\/WhatsApp-Image-2024-03-01-at-6.15.00-PM1.jpeg","jetpack_sharing_enabled":true,"_links":{"self":[{"href":"https:\/\/radiocresatelital.com\/index.php?rest_route=\/wp\/v2\/posts\/11584","targetHints":{"allow":["GET"]}}],"collection":[{"href":"https:\/\/radiocresatelital.com\/index.php?rest_route=\/wp\/v2\/posts"}],"about":[{"href":"https:\/\/radiocresatelital.com\/index.php?rest_route=\/wp\/v2\/types\/post"}],"author":[{"embeddable":true,"href":"https:\/\/radiocresatelital.com\/index.php?rest_route=\/wp\/v2\/users\/2"}],"replies":[{"embeddable":true,"href":"https:\/\/radiocresatelital.com\/index.php?rest_route=%2Fwp%2Fv2%2Fcomments&post=11584"}],"version-history":[{"count":1,"href":"https:\/\/radiocresatelital.com\/index.php?rest_route=\/wp\/v2\/posts\/11584\/revisions"}],"predecessor-version":[{"id":11586,"href":"https:\/\/radiocresatelital.com\/index.php?rest_route=\/wp\/v2\/posts\/11584\/revisions\/11586"}],"wp:featuredmedia":[{"embeddable":true,"href":"https:\/\/radiocresatelital.com\/index.php?rest_route=\/wp\/v2\/media\/11585"}],"wp:attachment":[{"href":"https:\/\/radiocresatelital.com\/index.php?rest_route=%2Fwp%2Fv2%2Fmedia&parent=11584"}],"wp:term":[{"taxonomy":"category","embeddable":true,"href":"https:\/\/radiocresatelital.com\/index.php?rest_route=%2Fwp%2Fv2%2Fcategories&post=11584"},{"taxonomy":"post_tag","embeddable":true,"href":"https:\/\/radiocresatelital.com\/index.php?rest_route=%2Fwp%2Fv2%2Ftags&post=11584"}],"curies":[{"name":"wp","href":"https:\/\/api.w.org\/{rel}","templated":true}]}}