{"id":11574,"date":"2024-03-01T23:13:02","date_gmt":"2024-03-01T23:13:02","guid":{"rendered":"https:\/\/radiocresatelital.com\/?p=11574"},"modified":"2024-03-01T23:13:02","modified_gmt":"2024-03-01T23:13:02","slug":"gobernacion-del-guayas-recibio-1000-kits-de-alimentos-de-corporacion-el-rosado-para-afectados-por-las-lluvias","status":"publish","type":"post","link":"https:\/\/radiocresatelital.com\/?p=11574","title":{"rendered":"Gobernaci\u00f3n del Guayas recibi\u00f3 1000 Kits de alimentos de Corporaci\u00f3n El Rosado para afectados por las lluvias"},"content":{"rendered":"<p>Guayaquil.- La Corporaci\u00f3n El Rosado reafirma su compromiso con la solidaridad y el bienestar de las comunidades guayasenses al donar 1000 kits de alimentos a la Gobernaci\u00f3n del Guayas. Este gesto humanitario busca aliviar las necesidades de las comunidades fuertemente afectadas por el temporal invernal en diversos cantones de la provincia.<\/p>\n<p>El Gobernador del Guayas, Crnl. Alberto Molina Flores, agradeci\u00f3 profundamente la colaboraci\u00f3n de Corporaci\u00f3n El Rosado, destacando la importancia de estas muestras de solidaridad que fortalecen el tejido social del pa\u00eds.<\/p>\n<p>\u00abEstas acciones solidarias demuestran que nuestro pa\u00eds es grande, y que, frente a las adversidades, la uni\u00f3n y la ayuda mutua son clave. Estos 1000 kits de alimentos llegar\u00e1n directamente a quienes m\u00e1s lo necesitan, brindando un alivio en momentos tan dif\u00edciles. Es un verdadero trabajo en equipo para sacar adelante al Ecuador.\u00bb, detall\u00f3 el Gobernador Molina.<\/p>\n<p>El Sr. Juan V\u00e9lez, delegado de Corporaci\u00f3n El Rosado, resalt\u00f3 el compromiso y la responsabilidad social que tiene la instituci\u00f3n con el apoyo a aquellos que atraviesan momentos dif\u00edciles.<\/p>\n<p>\u00abEn Corporaci\u00f3n El Rosado, creemos en la responsabilidad social y en dar una mano a nuestros hermanos que m\u00e1s lo necesitan. Estamos seguros de que, entre todos, podemos superar esta situaci\u00f3n y construir un futuro mejor para nuestras comunidades.\u00bb, asever\u00f3 el empresario.<\/p>\n<p>Esta donaci\u00f3n es parte de una serie de iniciativas conjuntas entre la empresa privada y las autoridades gubernamentales para hacer frente a las consecuencias del fuerte temporal invernal que ha afectado a la provincia del Guayas.<\/p>\n<p>La Gobernaci\u00f3n agradece el gesto generoso de Corporaci\u00f3n El Rosado y reafirma su compromiso de seguir trabajando en conjunto para superar los desaf\u00edos y brindar apoyo a quienes m\u00e1s lo requieren.<\/p>\n","protected":false},"excerpt":{"rendered":"<p>Guayaquil.- La Corporaci\u00f3n El Rosado reafirma su compromiso con la solidaridad y el bienestar de las comunidades guayasenses al donar 1000 kits de alimentos a la Gobernaci\u00f3n del Guayas. Este gesto humanitario busca aliviar las necesidades de las comunidades fuertemente afectadas por el temporal invernal en diversos cantones de la provincia. El Gobernador del Guayas, [&hellip;]<\/p>\n","protected":false},"author":2,"featured_media":11575,"comment_status":"open","ping_status":"closed","sticky":false,"template":"","format":"standard","meta":{"_jetpack_memberships_contains_paid_content":false,"footnotes":""},"categories":[13],"tags":[1946,964],"class_list":["post-11574","post","type-post","status-publish","format-standard","has-post-thumbnail","hentry","category-noticias-nacionales","tag-corporacion-el-rosado","tag-gobernacion-del-guayas"],"jetpack_featured_media_url":"https:\/\/radiocresatelital.com\/wp-content\/uploads\/2024\/03\/2054da73-9064-49a3-9c57-19f0bc1ffbf2.jpeg","jetpack_sharing_enabled":true,"_links":{"self":[{"href":"https:\/\/radiocresatelital.com\/index.php?rest_route=\/wp\/v2\/posts\/11574","targetHints":{"allow":["GET"]}}],"collection":[{"href":"https:\/\/radiocresatelital.com\/index.php?rest_route=\/wp\/v2\/posts"}],"about":[{"href":"https:\/\/radiocresatelital.com\/index.php?rest_route=\/wp\/v2\/types\/post"}],"author":[{"embeddable":true,"href":"https:\/\/radiocresatelital.com\/index.php?rest_route=\/wp\/v2\/users\/2"}],"replies":[{"embeddable":true,"href":"https:\/\/radiocresatelital.com\/index.php?rest_route=%2Fwp%2Fv2%2Fcomments&post=11574"}],"version-history":[{"count":1,"href":"https:\/\/radiocresatelital.com\/index.php?rest_route=\/wp\/v2\/posts\/11574\/revisions"}],"predecessor-version":[{"id":11576,"href":"https:\/\/radiocresatelital.com\/index.php?rest_route=\/wp\/v2\/posts\/11574\/revisions\/11576"}],"wp:featuredmedia":[{"embeddable":true,"href":"https:\/\/radiocresatelital.com\/index.php?rest_route=\/wp\/v2\/media\/11575"}],"wp:attachment":[{"href":"https:\/\/radiocresatelital.com\/index.php?rest_route=%2Fwp%2Fv2%2Fmedia&parent=11574"}],"wp:term":[{"taxonomy":"category","embeddable":true,"href":"https:\/\/radiocresatelital.com\/index.php?rest_route=%2Fwp%2Fv2%2Fcategories&post=11574"},{"taxonomy":"post_tag","embeddable":true,"href":"https:\/\/radiocresatelital.com\/index.php?rest_route=%2Fwp%2Fv2%2Ftags&post=11574"}],"curies":[{"name":"wp","href":"https:\/\/api.w.org\/{rel}","templated":true}]}}