{"id":11571,"date":"2024-03-01T23:06:56","date_gmt":"2024-03-01T23:06:56","guid":{"rendered":"https:\/\/radiocresatelital.com\/?p=11571"},"modified":"2024-03-01T23:06:56","modified_gmt":"2024-03-01T23:06:56","slug":"en-dos-anos-origin-de-enkador-ya-negocia-directamente-con-mil-recicladores-de-base","status":"publish","type":"post","link":"https:\/\/radiocresatelital.com\/?p=11571","title":{"rendered":"En dos a\u00f1os, Origin de Enkador ya negocia directamente  con mil recicladores de base"},"content":{"rendered":"<p>Quito.- En el marco del D\u00eda Mundial del Reciclador, que se conmemora este 1 de marzo, Enkador y su modelo de Econom\u00eda Circular Inclusiva denominado Origin, anuncian que, en un <strong>per\u00edodo de solo dos a\u00f1os, han logrado integrar directamente a aproximadamente <\/strong><strong>mil recicladores de base<\/strong> en su cadena de valor. Este resultado cobra especial importancia porque hist\u00f3ricamente el oficio del reciclaje se ha desarrollado en la informalidad y con una fuerte incidencia de la intermediaci\u00f3n, lo cual ha dificultado que los recicladores de base puedan mantener relaciones directas con las empresas recicladoras para convertirse en proveedores de residuos reciclables.<\/p>\n<p>Fue en 2021 cuando la l\u00ednea de reciclaje de Enkador empez\u00f3 a operar con el modelo de triple impacto (ambienta, social y econ\u00f3mico) de Origin<sup>\u00ae<\/sup> uno de cuyos objetivos principales fue consolidar el acercamiento con los recicladores de base, quienes se han convertido en los \u201ch\u00e9roes del planeta\u201d, de modo que en los 24 meses de trabajo el n\u00famero de recolectores que son proveedores directos de la compa\u00f1\u00eda se ha <strong>multiplicado por diez, pasando de cien a mil<\/strong>.<\/p>\n<p>Daniel Romero, gerente general de Enkador, sostiene que el modelo de negocio implementado a trav\u00e9s de Origin<sup>\u00ae<\/sup> encadena, directa e indirectamente, <strong>a m\u00e1s de 5.600 recicladores de base<\/strong>. \u201c<em>Es un trabajo fascinante porque, a trav\u00e9s de nuestro proyecto y de la relaci\u00f3n que mantenemos con los recicladores de base, los mismos principios de optimizaci\u00f3n de la empresa se aplican a la vida diaria de un recolector<\/em>\u201d, afirma. <strong>Cabe resaltar que l<\/strong><strong>a labor de los recicladores de base es clave para aumentar las tasas de reciclaje que existen en el pa\u00eds, pues se estima que en el caso de las botellas PET solo se logra recuperar entre el 40% y 45% de los envases que se colocan en el mercado<\/strong>.<\/p>\n<p>A prop\u00f3sito de la conmemoraci\u00f3n del D\u00eda Mundial del Reciclador se realiz\u00f3 un evento de reconocimiento al trabajo diario de los recicladores de base, en el cual se present\u00f3 un nuevo plan de beneficios con distintos programas de valor como la prestaci\u00f3n de un seguro m\u00e9dico privado para que los recicladores tengan una atenci\u00f3n m\u00e9dica digna, sistema de puntos en el cual los recolectores podr\u00e1n canjearlos por productos de primera necesidad, manejo de donaciones, eventos sociales para los m\u00e1s peque\u00f1os del hogar y dotaci\u00f3n de uniformes o coches para su trabajo diario.<\/p>\n<p>Cabe destacar que, aunque la l\u00ednea de transformaci\u00f3n de reciclaje de Enkador se basa sobre la recuperaci\u00f3n del pl\u00e1stico PET postconsumo para la elaboraci\u00f3n de nuevos envases o botellas, la empresa tambi\u00e9n ha incursionado en el desarrollo de un modelo de log\u00edstica inversa con otros productos como el papel y el cart\u00f3n.<\/p>\n<p>Este proceso consiste en el despliegue de un equipo humano que acude a recoger los residuos s\u00f3lidos reciclables al punto en donde estos se generan o en donde los recicladores de base los acopian, logrando as\u00ed ahorros importantes en el costo del transporte que anteriormente deb\u00edan invertir los recolectores para movilizar su materia prima hasta la empresa. De esta manera, se aporta al mejoramiento de los ingresos y de la calidad de vida de quienes laboran en el reciclaje.<\/p>\n<p>El evento de reconocimiento se llev\u00f3 a cabo en la planta de Enkador, ubicada en el cant\u00f3n Rumi\u00f1ahui. El acto cont\u00f3 con la presencia de una delegaci\u00f3n de recicladores de base, autoridades de la Misi\u00f3n Social del GAD Municipal del cant\u00f3n Rumi\u00f1ahui y directivos de la empresa.<\/p>\n","protected":false},"excerpt":{"rendered":"<p>Quito.- En el marco del D\u00eda Mundial del Reciclador, que se conmemora este 1 de marzo, Enkador y su modelo de Econom\u00eda Circular Inclusiva denominado Origin, anuncian que, en un per\u00edodo de solo dos a\u00f1os, han logrado integrar directamente a aproximadamente mil recicladores de base en su cadena de valor. Este resultado cobra especial importancia [&hellip;]<\/p>\n","protected":false},"author":2,"featured_media":11572,"comment_status":"open","ping_status":"closed","sticky":false,"template":"","format":"standard","meta":{"_jetpack_memberships_contains_paid_content":false,"footnotes":""},"categories":[13],"tags":[1945],"class_list":["post-11571","post","type-post","status-publish","format-standard","has-post-thumbnail","hentry","category-noticias-nacionales","tag-dia-mundial-del-reciclador"],"jetpack_featured_media_url":"https:\/\/radiocresatelital.com\/wp-content\/uploads\/2024\/03\/d906510f-6ddd-4df3-bbe8-fd9941abed72.jpeg","jetpack_sharing_enabled":true,"_links":{"self":[{"href":"https:\/\/radiocresatelital.com\/index.php?rest_route=\/wp\/v2\/posts\/11571","targetHints":{"allow":["GET"]}}],"collection":[{"href":"https:\/\/radiocresatelital.com\/index.php?rest_route=\/wp\/v2\/posts"}],"about":[{"href":"https:\/\/radiocresatelital.com\/index.php?rest_route=\/wp\/v2\/types\/post"}],"author":[{"embeddable":true,"href":"https:\/\/radiocresatelital.com\/index.php?rest_route=\/wp\/v2\/users\/2"}],"replies":[{"embeddable":true,"href":"https:\/\/radiocresatelital.com\/index.php?rest_route=%2Fwp%2Fv2%2Fcomments&post=11571"}],"version-history":[{"count":1,"href":"https:\/\/radiocresatelital.com\/index.php?rest_route=\/wp\/v2\/posts\/11571\/revisions"}],"predecessor-version":[{"id":11573,"href":"https:\/\/radiocresatelital.com\/index.php?rest_route=\/wp\/v2\/posts\/11571\/revisions\/11573"}],"wp:featuredmedia":[{"embeddable":true,"href":"https:\/\/radiocresatelital.com\/index.php?rest_route=\/wp\/v2\/media\/11572"}],"wp:attachment":[{"href":"https:\/\/radiocresatelital.com\/index.php?rest_route=%2Fwp%2Fv2%2Fmedia&parent=11571"}],"wp:term":[{"taxonomy":"category","embeddable":true,"href":"https:\/\/radiocresatelital.com\/index.php?rest_route=%2Fwp%2Fv2%2Fcategories&post=11571"},{"taxonomy":"post_tag","embeddable":true,"href":"https:\/\/radiocresatelital.com\/index.php?rest_route=%2Fwp%2Fv2%2Ftags&post=11571"}],"curies":[{"name":"wp","href":"https:\/\/api.w.org\/{rel}","templated":true}]}}