{"id":11564,"date":"2024-03-01T21:52:05","date_gmt":"2024-03-01T21:52:05","guid":{"rendered":"https:\/\/radiocresatelital.com\/?p=11564"},"modified":"2024-03-01T21:52:05","modified_gmt":"2024-03-01T21:52:05","slug":"pacto-social-y-productivo-por-el-nuevo-ecuador-llego-con-servicios-y-atenciones-gubernamentales-al-canton-huaca","status":"publish","type":"post","link":"https:\/\/radiocresatelital.com\/?p=11564","title":{"rendered":"Pacto Social y Productivo por el Nuevo Ecuador lleg\u00f3 con servicios y atenciones gubernamentales al cant\u00f3n Huaca"},"content":{"rendered":"<p>Tulc\u00e1n.- Alrededor de 1 000 personas fueron parte del Pacto Social y Productivo por el Nuevo Ecuador, proyecto impulsado por el Gobierno Nacional a trav\u00e9s del Ministerio de Inclusi\u00f3n Econ\u00f3mica (MIES), que esta ma\u00f1ana visit\u00f3 el cant\u00f3n San Pedro de Huaca, en la provincia de Carchi, con el fin de acercar los diferentes servicios que brindan varias instituciones del Estado y atender de manera integral a la ciudadan\u00eda carchense.<\/p>\n<p>Esta actividad inclusiva liderada por la ministra de Inclusi\u00f3n Econ\u00f3mica y Social, Zaida Rovira Jurado, se sell\u00f3 con la firma de convenios interinstitucionales, la entrega de certificados a emprendedoras, la entrega de kits para j\u00f3venes deportistas, entre otras acciones relevantes para el impulso de la econom\u00eda del sector y sus habitantes. \u201cNuestra misi\u00f3n es construir pol\u00edticas para que la ciudadan\u00eda, especialmente, la poblaci\u00f3n vulnerable, sea incluida en la reactivaci\u00f3n econ\u00f3mica y desarrolle su plan de vida\u201d.<\/p>\n<p>Por su parte, el alcalde del cant\u00f3n Huaca, Jairo Huera, destac\u00f3 la presencia de la ministra en territorio y dijo que la activaci\u00f3n de estos espacios garantiza que los servicios del Estado lleguen a todos los sectores de su cant\u00f3n, pero, especialmente, a quienes m\u00e1s lo necesitan.<\/p>\n<p>En este espacio se realiz\u00f3 una feria de servicios y de emprendimientos, que la ministra Rovira recorri\u00f3, verificando la atenci\u00f3n que recibe la ciudadan\u00eda, as\u00ed como la promoci\u00f3n y comercializaci\u00f3n de productos de las emprendedoras que participaron. Esta feria cont\u00f3 con la asistencia de los ministerios de Turismo, Salud, Educaci\u00f3n, Producci\u00f3n, Registro Civil, Servicio de Rentas Internas, Instituto de Econom\u00eda Popular y Solidaria y BanEcuador, que pudieron promocionar sus servicios y atender a la poblaci\u00f3n de este cant\u00f3n y sus alrededores.<\/p>\n<p>Entre los convenios programados, las autoridades firmaron uno de cooperaci\u00f3n con la Prefectura de Carchi para garantizar servicios sociales, lo que representar\u00e1 una inversi\u00f3n de alrededor de USD 700 000. En este sentido, el prefecto Julio Robles agradeci\u00f3 al Gobierno Nacional por trabajar en equipo, unidad y con objetivos comunes en beneficio de los grupos de atenci\u00f3n prioritaria. Otro de los convenios fue para el apoyo y fomento de la econom\u00eda popular y solidaria, as\u00ed como para la atenci\u00f3n domiciliaria a personas adultas mayores, este \u00faltimo con el p\u00e1rroco del cant\u00f3n.<\/p>\n<p>Tambi\u00e9n se entregaron certificados a 40 emprendedoras del Cr\u00e9dito de Desarrollo Humano del MIES, quienes cumplieron un proceso de capacitaci\u00f3n, previo a obtener este recurso econ\u00f3mico. Bernarda Huera, quien tiene un emprendimiento de compra y venta de truchas, agradeci\u00f3 el apoyo del Gobierno Nacional, ya que esta capacitaci\u00f3n \u2013 dijo &#8211; le ayud\u00f3 a conocer c\u00f3mo invertir mejor este recurso econ\u00f3mico y mejorar los ingresos de su familia.<\/p>\n<p>Como parte de esta articulaci\u00f3n interinstitucional, la ministra Rovira tambi\u00e9n entreg\u00f3 60 kits deportivos a deportistas de la Federaci\u00f3n Deportiva de Carchi. Brittany Vaicilla, quien, actualmente, es campeona nacional infantil de ciclismo en modalidades como persecuci\u00f3n individual y por equipos, agradeci\u00f3 el apoyo gubernamental y dijo que esta ayuda le servir\u00e1 para sus entrenamientos y competencias.<\/p>\n<p>Asimismo, se entregaron sillas de ruedas a usuarios de los servicios para personas con discapacidad del MIES, con el prop\u00f3sito de mejorar su calidad de vida y de su familia.<\/p>\n<p>Este a\u00f1o, el MIES ha proyectado atender a m\u00e1s de 26 mil personas en Carchi, con sus servicios, bonos y pensiones. En Huaca, esta proyecci\u00f3n beneficiar\u00e1 con atenci\u00f3n a m\u00e1s de 2 mil.<\/p>\n","protected":false},"excerpt":{"rendered":"<p>Tulc\u00e1n.- Alrededor de 1 000 personas fueron parte del Pacto Social y Productivo por el Nuevo Ecuador, proyecto impulsado por el Gobierno Nacional a trav\u00e9s del Ministerio de Inclusi\u00f3n Econ\u00f3mica (MIES), que esta ma\u00f1ana visit\u00f3 el cant\u00f3n San Pedro de Huaca, en la provincia de Carchi, con el fin de acercar los diferentes servicios que [&hellip;]<\/p>\n","protected":false},"author":2,"featured_media":11565,"comment_status":"open","ping_status":"closed","sticky":false,"template":"","format":"standard","meta":{"_jetpack_memberships_contains_paid_content":false,"footnotes":""},"categories":[13],"tags":[1332],"class_list":["post-11564","post","type-post","status-publish","format-standard","has-post-thumbnail","hentry","category-noticias-nacionales","tag-ministerio-de-inclusion-economica"],"jetpack_featured_media_url":"https:\/\/radiocresatelital.com\/wp-content\/uploads\/2024\/03\/56ce7215-85f3-41aa-87b4-c02292c4fd90.jpeg","jetpack_sharing_enabled":true,"_links":{"self":[{"href":"https:\/\/radiocresatelital.com\/index.php?rest_route=\/wp\/v2\/posts\/11564","targetHints":{"allow":["GET"]}}],"collection":[{"href":"https:\/\/radiocresatelital.com\/index.php?rest_route=\/wp\/v2\/posts"}],"about":[{"href":"https:\/\/radiocresatelital.com\/index.php?rest_route=\/wp\/v2\/types\/post"}],"author":[{"embeddable":true,"href":"https:\/\/radiocresatelital.com\/index.php?rest_route=\/wp\/v2\/users\/2"}],"replies":[{"embeddable":true,"href":"https:\/\/radiocresatelital.com\/index.php?rest_route=%2Fwp%2Fv2%2Fcomments&post=11564"}],"version-history":[{"count":1,"href":"https:\/\/radiocresatelital.com\/index.php?rest_route=\/wp\/v2\/posts\/11564\/revisions"}],"predecessor-version":[{"id":11566,"href":"https:\/\/radiocresatelital.com\/index.php?rest_route=\/wp\/v2\/posts\/11564\/revisions\/11566"}],"wp:featuredmedia":[{"embeddable":true,"href":"https:\/\/radiocresatelital.com\/index.php?rest_route=\/wp\/v2\/media\/11565"}],"wp:attachment":[{"href":"https:\/\/radiocresatelital.com\/index.php?rest_route=%2Fwp%2Fv2%2Fmedia&parent=11564"}],"wp:term":[{"taxonomy":"category","embeddable":true,"href":"https:\/\/radiocresatelital.com\/index.php?rest_route=%2Fwp%2Fv2%2Fcategories&post=11564"},{"taxonomy":"post_tag","embeddable":true,"href":"https:\/\/radiocresatelital.com\/index.php?rest_route=%2Fwp%2Fv2%2Ftags&post=11564"}],"curies":[{"name":"wp","href":"https:\/\/api.w.org\/{rel}","templated":true}]}}