{"id":11561,"date":"2024-03-01T20:43:42","date_gmt":"2024-03-01T20:43:42","guid":{"rendered":"https:\/\/radiocresatelital.com\/?p=11561"},"modified":"2024-03-01T21:46:15","modified_gmt":"2024-03-01T21:46:15","slug":"ciity-mall-regresa-una-nueva-edicion-de-citybazar-conmemorando-el-dia-internacional-de-la-mujer","status":"publish","type":"post","link":"https:\/\/radiocresatelital.com\/?p=11561","title":{"rendered":"CIity Mall regresa una nueva edici\u00f3n de \u201cCityBazar\u201d, conmemorando el D\u00eda Internacional de la Mujer"},"content":{"rendered":"<p class=\"x_MsoNormal\">Guayaquil.- A prop\u00f3sito de la conmemoraci\u00f3n del D\u00eda Internacional de la Mujer, a CityMall regresa una nueva edici\u00f3n de su \u201cCityBazar\u201d, un reconocido y esperado espacio que el centro comercial ha dise\u00f1ado para brindar la oportunidad a talentosos y creativos emprendedores de exhibir y comercializar sus productos.<\/p>\n<p class=\"x_MsoNormal\">Este evento, que tendr\u00e1 lugar del 7 al 10 de marzo, se constituye una valiosa ocasi\u00f3n en donde nuevos negocios o distintas propuestas tengan acercamiento con el p\u00fablico de CityMall y puedan ser el detalle preciso para la celebraci\u00f3n de esta fecha especial.<\/p>\n<p class=\"x_MsoNormal\">Durante cuatro d\u00edas, los visitantes del centro comercial podr\u00e1n adquirir un sinn\u00famero de novedosos art\u00edculos, con precios muy accesibles. Entre las categor\u00edas a encontrar est\u00e1n: bebidas artesanales, productos en cuero, bisuter\u00eda, accesorios de vestir, belleza, libros y m\u00e1s.<\/p>\n<p class=\"x_MsoNormal\">CityMall invita al p\u00fablico en general a disfrutar de estos d\u00edas de \u201cCityBazar\u201d y a que aprovechen la calidad, variedad y originalidad de cada emprendedor y sus productos. Para quienes est\u00e9n interesados en visitar y conocer todas estas propuestas, estar\u00e1 ubicado en el Nivel 2 del centro comercial.<\/p>\n<p class=\"x_MsoNormal\">Para m\u00e1s informaci\u00f3n visite las redes sociales: Facebook @citymall.ec e Instagram @citymall_gye<\/p>\n","protected":false},"excerpt":{"rendered":"<p>Guayaquil.- A prop\u00f3sito de la conmemoraci\u00f3n del D\u00eda Internacional de la Mujer, a CityMall regresa una nueva edici\u00f3n de su \u201cCityBazar\u201d, un reconocido y esperado espacio que el centro comercial ha dise\u00f1ado para brindar la oportunidad a talentosos y creativos emprendedores de exhibir y comercializar sus productos. Este evento, que tendr\u00e1 lugar del 7 al [&hellip;]<\/p>\n","protected":false},"author":2,"featured_media":11562,"comment_status":"open","ping_status":"closed","sticky":false,"template":"","format":"standard","meta":{"_jetpack_memberships_contains_paid_content":false,"footnotes":""},"categories":[13],"tags":[976],"class_list":["post-11561","post","type-post","status-publish","format-standard","has-post-thumbnail","hentry","category-noticias-nacionales","tag-citymall"],"jetpack_featured_media_url":"https:\/\/radiocresatelital.com\/wp-content\/uploads\/2024\/03\/thumbnail_IMG_3868.jpg","jetpack_sharing_enabled":true,"_links":{"self":[{"href":"https:\/\/radiocresatelital.com\/index.php?rest_route=\/wp\/v2\/posts\/11561","targetHints":{"allow":["GET"]}}],"collection":[{"href":"https:\/\/radiocresatelital.com\/index.php?rest_route=\/wp\/v2\/posts"}],"about":[{"href":"https:\/\/radiocresatelital.com\/index.php?rest_route=\/wp\/v2\/types\/post"}],"author":[{"embeddable":true,"href":"https:\/\/radiocresatelital.com\/index.php?rest_route=\/wp\/v2\/users\/2"}],"replies":[{"embeddable":true,"href":"https:\/\/radiocresatelital.com\/index.php?rest_route=%2Fwp%2Fv2%2Fcomments&post=11561"}],"version-history":[{"count":1,"href":"https:\/\/radiocresatelital.com\/index.php?rest_route=\/wp\/v2\/posts\/11561\/revisions"}],"predecessor-version":[{"id":11563,"href":"https:\/\/radiocresatelital.com\/index.php?rest_route=\/wp\/v2\/posts\/11561\/revisions\/11563"}],"wp:featuredmedia":[{"embeddable":true,"href":"https:\/\/radiocresatelital.com\/index.php?rest_route=\/wp\/v2\/media\/11562"}],"wp:attachment":[{"href":"https:\/\/radiocresatelital.com\/index.php?rest_route=%2Fwp%2Fv2%2Fmedia&parent=11561"}],"wp:term":[{"taxonomy":"category","embeddable":true,"href":"https:\/\/radiocresatelital.com\/index.php?rest_route=%2Fwp%2Fv2%2Fcategories&post=11561"},{"taxonomy":"post_tag","embeddable":true,"href":"https:\/\/radiocresatelital.com\/index.php?rest_route=%2Fwp%2Fv2%2Ftags&post=11561"}],"curies":[{"name":"wp","href":"https:\/\/api.w.org\/{rel}","templated":true}]}}