{"id":11555,"date":"2024-03-01T21:40:34","date_gmt":"2024-03-01T21:40:34","guid":{"rendered":"https:\/\/radiocresatelital.com\/?p=11555"},"modified":"2024-03-01T21:40:45","modified_gmt":"2024-03-01T21:40:45","slug":"union-europea-y-corpei-entregan-reconocimiento-a-empresas-por-sus-iniciativas-sostenibles-que-benefician-al-ecuador","status":"publish","type":"post","link":"https:\/\/radiocresatelital.com\/?p=11555","title":{"rendered":"Uni\u00f3n Europea y CORPEI entregan reconocimiento a empresas por sus iniciativas sostenibles que benefician al Ecuador"},"content":{"rendered":"<p>Quito.- Seis empresas ecuatorianas con proyectos emblem\u00e1ticos de econom\u00eda circular recibieron un reconocimiento del proyecto + ECI: M\u00e1s Ecuador Circular inclusivo, un proyecto promovido por CORPEI que incentiva a las compa\u00f1\u00edas a ser m\u00e1s sostenibles y amigables con la sociedad y el medio ambiente. El proyecto iniciado a finales de 2021, est\u00e1 cofinanciado por la Uni\u00f3n Europea y busca promover la r\u00e1pida adopci\u00f3n de la Econom\u00eda Circular en el sector privado ecuatoriano.<\/p>\n<p>La ceremonia se realiz\u00f3 en Quito, el pasado 20 de febrero y cont\u00f3 con la participaci\u00f3n de Jos\u00e9 Mar\u00eda Medina Navarro, jefe de cooperaci\u00f3n de la Uni\u00f3n Europea en Ecuador, quien manifest\u00f3 que \u201cEcuador deber\u00eda posicionarse en el mundo como uno de los pa\u00edses m\u00e1s sostenibles y circulares ya que posee riquezas tan naturales, tan extraordinarias. Desde afuera se ve como un pa\u00eds megadiverso, verde, lleno de agua, con Amazonas, Gal\u00e1pagos\u201d.<\/p>\n<p>Por su parte, Eduardo Egas, presidente ejecutivo de CORPEI, se refiri\u00f3 a las iniciativas sostenibles que fueron reconocidas en la ceremonia, \u00abSentimos que avanzamos por este camino de acompa\u00f1ar al sector productivo hacia un modelo de producci\u00f3n sostenible. Adecuar el sistema de producci\u00f3n para que sea m\u00e1s sostenible, para que cumpla con el pacto verde europeo. Como pa\u00eds tenemos que avanzar, tenemos que hacerlo r\u00e1pido, pero tenemos serios cuellos de botella. Por eso, para CORPEI es satisfactorio saber que ayudamos a impulsar estas iniciativas, que estamos avanzando, que estamos inculcando y motivando al sector productivo, invit\u00e1ndolos a entrar en m\u00e9todos de producci\u00f3n m\u00e1s sostenibles\u201d,<\/p>\n<p>Egas tambi\u00e9n expres\u00f3 su agradecimiento a la Uni\u00f3n Europea, en representaci\u00f3n de CORPEI, por confiar en la instituci\u00f3n para lograr la consecuci\u00f3n de sus proyectos y programas que benefician al Ecuador.<\/p>\n<p>Las empresas reconocidas fueron:<\/p>\n<p>\u25cf Arca Continental, junto con la Federaci\u00f3n Red Nacional de Recicladores del Ecuador, desarroll\u00f3 un sistema de recolecci\u00f3n de residuos de pl\u00e1sticos de botellas usadas para fabricar nueva materia prima para sus envases. Desde el a\u00f1o 2018, Arca Continental viene desarrollando una iniciativa de reciclaje inclusivo en conjunto con RENAREC. \u201cEste es un proyecto que busca visibilizar y fortalecer el reciclaje inclusivo en Ecuador. Hoy en d\u00eda estamos trabajando con m\u00e1s de 600 recicladores, principalmente en Guayaquil, Quito, Cuenca y Manab\u00ed\u201d, dijo Sof\u00eda Sierra, jefa de comunicaciones corporativas de Arca Continental refiri\u00e9ndose a la iniciativa sostenible que ha implementado la empresa.<\/p>\n<p>\u25cf Novacero implement\u00f3 la sensorizaci\u00f3n y un software vinculado a la l\u00ednea de circulaci\u00f3n de lubricantes, lo que permite predecir mantenimientos anticipados que eviten contaminar. \u201cAl no haber una gesti\u00f3n final adecuada de lubricantes, nosotros nos enfocamos en solucionar ese problema. En NOVACERO manifestamos que nunca m\u00e1s se contaminar\u00eda a trav\u00e9s de los desperdicios de lubricantes y hasta el momento hemos bajado casi el 70 % de generaci\u00f3n de residuos. Dentro del proyecto +ECI, con CORPEI, ha sido una experiencia maravillosa, hemos trabajado de la mano, nos ha permitido solventar la parte t\u00e9cnica\u201d, detall\u00f3 Guillermo Mi\u00f1o, Gerente T\u00e9cnico de NOVACERO<\/p>\n<p>\u25cf Por su parte, Banco de Machala, implement\u00f3 el Proyecto ARIT, un software que ayuda a registrar digitalmente el proceso de evaluaci\u00f3n de riesgo de las garant\u00edas y los activos. La constructora<\/p>\n<p>\u25cf La empresa PMJ Arquitectos, trabaj\u00f3 sobre la incorporaci\u00f3n de circuitos de energ\u00edas renovables en sus proyectos de viviendas, a trav\u00e9s de su iniciativa Optimizaci\u00f3n en los procesos de circularidad de las unidades de Vivienda de Inter\u00e9s P\u00fablico en el proyecto inmobiliario Parques de Miranda Buganvillas Etapa 1.<\/p>\n<p>\u25cf La empresa agr\u00edcola, Agroapoyo, empez\u00f3 a incorporar l\u00f3gicas de sostenibilidad y de econom\u00eda circular a los proveedores de su cadena de valor, trabajando en la certificaci\u00f3n de procesos de econom\u00eda circular en los predios de estos agricultores. \u201cEn +ECI nosotros impulsamos nuestro proyecto de conversi\u00f3n org\u00e1nica de nuestros agricultores a nivel nacional, lo que nosotros hacemos es transformar la agricultura en agricultura org\u00e1nica de peque\u00f1os y medianos agricultores a trav\u00e9s de nuestra cadena de suministros y les aseguramos una compra estable con precios justos para que puedan convertirse en org\u00e1nicos y sostenibles a largo plazo\u201d coment\u00f3 Ma. Isabel Gonz\u00e1lez, gerente de operaciones y negocios sostenibles de Agroapoyo.<\/p>\n<p>\u25cf ProEcuaKao, empresa que implement\u00f3 un nuevo dise\u00f1o de bandejas secadoras que permite obtener un ahorro energ\u00e9tico significativo en el momento del secado del cacao. \u201cLos compromisos ambientales que tiene la empresa, el depender menos de combustibles f\u00f3siles, y tambi\u00e9n el compromiso con nuestros clientes fue lo que nos motiv\u00f3 a ingresar a +ECI, apostamos por implementar un proyecto piloto de uso de biomasa y los resultados fueron interesantes\u201d, Rafaela Orrantia \u2013 Gerente de Abastecimiento Sostenible de ProEcuaKao. CORPEI reafirma su compromiso con la<\/p>\n<p>promoci\u00f3n y el desarrollo de las empresas, trabajando incansablemente para que alcancen su m\u00e1ximo potencial de manera sostenible y se posicionen como referentes a nivel mundial.<\/p>\n","protected":false},"excerpt":{"rendered":"<p>Quito.- Seis empresas ecuatorianas con proyectos emblem\u00e1ticos de econom\u00eda circular recibieron un reconocimiento del proyecto + ECI: M\u00e1s Ecuador Circular inclusivo, un proyecto promovido por CORPEI que incentiva a las compa\u00f1\u00edas a ser m\u00e1s sostenibles y amigables con la sociedad y el medio ambiente. El proyecto iniciado a finales de 2021, est\u00e1 cofinanciado por la [&hellip;]<\/p>\n","protected":false},"author":2,"featured_media":11556,"comment_status":"open","ping_status":"closed","sticky":false,"template":"","format":"standard","meta":{"_jetpack_memberships_contains_paid_content":false,"footnotes":""},"categories":[13],"tags":[1942,285],"class_list":["post-11555","post","type-post","status-publish","format-standard","has-post-thumbnail","hentry","category-noticias-nacionales","tag-corpei","tag-union-europea"],"jetpack_featured_media_url":"https:\/\/radiocresatelital.com\/wp-content\/uploads\/2024\/03\/20240228-CORPEI-scaled.jpg","jetpack_sharing_enabled":true,"_links":{"self":[{"href":"https:\/\/radiocresatelital.com\/index.php?rest_route=\/wp\/v2\/posts\/11555","targetHints":{"allow":["GET"]}}],"collection":[{"href":"https:\/\/radiocresatelital.com\/index.php?rest_route=\/wp\/v2\/posts"}],"about":[{"href":"https:\/\/radiocresatelital.com\/index.php?rest_route=\/wp\/v2\/types\/post"}],"author":[{"embeddable":true,"href":"https:\/\/radiocresatelital.com\/index.php?rest_route=\/wp\/v2\/users\/2"}],"replies":[{"embeddable":true,"href":"https:\/\/radiocresatelital.com\/index.php?rest_route=%2Fwp%2Fv2%2Fcomments&post=11555"}],"version-history":[{"count":1,"href":"https:\/\/radiocresatelital.com\/index.php?rest_route=\/wp\/v2\/posts\/11555\/revisions"}],"predecessor-version":[{"id":11557,"href":"https:\/\/radiocresatelital.com\/index.php?rest_route=\/wp\/v2\/posts\/11555\/revisions\/11557"}],"wp:featuredmedia":[{"embeddable":true,"href":"https:\/\/radiocresatelital.com\/index.php?rest_route=\/wp\/v2\/media\/11556"}],"wp:attachment":[{"href":"https:\/\/radiocresatelital.com\/index.php?rest_route=%2Fwp%2Fv2%2Fmedia&parent=11555"}],"wp:term":[{"taxonomy":"category","embeddable":true,"href":"https:\/\/radiocresatelital.com\/index.php?rest_route=%2Fwp%2Fv2%2Fcategories&post=11555"},{"taxonomy":"post_tag","embeddable":true,"href":"https:\/\/radiocresatelital.com\/index.php?rest_route=%2Fwp%2Fv2%2Ftags&post=11555"}],"curies":[{"name":"wp","href":"https:\/\/api.w.org\/{rel}","templated":true}]}}