{"id":11543,"date":"2024-03-01T21:20:07","date_gmt":"2024-03-01T21:20:07","guid":{"rendered":"https:\/\/radiocresatelital.com\/?p=11543"},"modified":"2024-03-01T21:20:17","modified_gmt":"2024-03-01T21:20:17","slug":"la-carretera-los-monos-10-de-agosto-es-parte-de-la-nueva-era-de-la-vialidad-en-g","status":"publish","type":"post","link":"https:\/\/radiocresatelital.com\/?p=11543","title":{"rendered":"La carretera Los Monos &#8211; 10 de Agosto es parte de la nueva era de la vialidad en G"},"content":{"rendered":"<p><span style=\"font-weight: 400;\">Milagro.- En el recinto 10 de Agosto, de Milagro, se vivi\u00f3 un ambiente de fiesta, la tarde de este jueves 29 de febrero. La prefecta Marcela Agui\u00f1aga acudi\u00f3 para inaugurar la v\u00eda de 5,19 kil\u00f3metros que incluye un puente y que une a esa comunidad con el sitio Los Monos, creando un nuevo polo de desarrollo para ese sector agr\u00edcola.<\/span><\/p>\n<p><span style=\"font-weight: 400;\">Durante el acto inaugural, a la ejecutiva guayasense la acompa\u00f1aron el alcalde de Milagro, Pedro Solines; la vicealcaldesa Diana Sierra. Adem\u00e1s, los presidentes de las juntas parroquiales de Chobo, Edgar Hidrovo; de Mariscal Sucre, Valeria Calder\u00f3n; y, de Roberto Astudillo, Darwin Arcos, entre otros.<\/span><\/p>\n<p><span style=\"font-weight: 400;\">\u201cHemos comenzado una nueva era de hacer la administraci\u00f3n p\u00fablica con responsabilidad y eficiencia\u201d, mencion\u00f3 la prefecta Agui\u00f1aga, durante la ceremonia a la que lleg\u00f3 en una camioneta cargada de productos agr\u00edcolas de la zona como verde, pi\u00f1a, ca\u00f1a de az\u00facar.<\/span><\/p>\n<p><span style=\"font-weight: 400;\">Por ello, como parte de esa nueva era, se incluir\u00e1 esta v\u00eda y las dem\u00e1s que sean rehabilitadas en un cronograma de mantenimiento, para garantizar su durabilidad y vida \u00fatil. \u201cSeguiremos trabajando con ah\u00ednco y esmero en cada uno de los cantones y recintos de nuestra provincia\u201d.\u00a0<\/span><\/p>\n<p><span style=\"font-weight: 400;\">La nueva v\u00eda tuvo un presupuesto referencial de casi 4,5 millones de d\u00f3lares y demor\u00f3 cuatro a\u00f1os en ser terminada, seg\u00fan record\u00f3 la prefecta Agui\u00f1aga. \u201cEsta es una de las obras que encontramos que estaban suspendidas cuando empezamos nuestra administraci\u00f3n. Nosotros llegamos a solucionar los problemas y es as\u00ed que la entrega de esta rehabilitaci\u00f3n y asfaltado de la v\u00eda representa un momento importante para ustedes\u201d.<\/span><\/p>\n<p><span style=\"font-weight: 400;\">A su turno, el alcalde Solines confi\u00f3 en que la nueva v\u00eda trae desarrollo, producci\u00f3n y dignidad para esa zona; mientras que Alberto Romero, beneficiario del recinto 10 de Agosto, expres\u00f3 el agradecimiento a nombre de su comunidad y de los recintos vecinos.<\/span><\/p>\n","protected":false},"excerpt":{"rendered":"<p>Milagro.- En el recinto 10 de Agosto, de Milagro, se vivi\u00f3 un ambiente de fiesta, la tarde de este jueves 29 de febrero. La prefecta Marcela Agui\u00f1aga acudi\u00f3 para inaugurar la v\u00eda de 5,19 kil\u00f3metros que incluye un puente y que une a esa comunidad con el sitio Los Monos, creando un nuevo polo de [&hellip;]<\/p>\n","protected":false},"author":2,"featured_media":11544,"comment_status":"open","ping_status":"closed","sticky":false,"template":"","format":"standard","meta":{"_jetpack_memberships_contains_paid_content":false,"footnotes":""},"categories":[13],"tags":[248,415],"class_list":["post-11543","post","type-post","status-publish","format-standard","has-post-thumbnail","hentry","category-noticias-nacionales","tag-marcela-aguinaga","tag-prefectura-ciudadana-del-guayas"],"jetpack_featured_media_url":"https:\/\/radiocresatelital.com\/wp-content\/uploads\/2024\/03\/WhatsApp-Image-2024-02-29-at-17.29.43-scaled.jpeg","jetpack_sharing_enabled":true,"_links":{"self":[{"href":"https:\/\/radiocresatelital.com\/index.php?rest_route=\/wp\/v2\/posts\/11543","targetHints":{"allow":["GET"]}}],"collection":[{"href":"https:\/\/radiocresatelital.com\/index.php?rest_route=\/wp\/v2\/posts"}],"about":[{"href":"https:\/\/radiocresatelital.com\/index.php?rest_route=\/wp\/v2\/types\/post"}],"author":[{"embeddable":true,"href":"https:\/\/radiocresatelital.com\/index.php?rest_route=\/wp\/v2\/users\/2"}],"replies":[{"embeddable":true,"href":"https:\/\/radiocresatelital.com\/index.php?rest_route=%2Fwp%2Fv2%2Fcomments&post=11543"}],"version-history":[{"count":1,"href":"https:\/\/radiocresatelital.com\/index.php?rest_route=\/wp\/v2\/posts\/11543\/revisions"}],"predecessor-version":[{"id":11545,"href":"https:\/\/radiocresatelital.com\/index.php?rest_route=\/wp\/v2\/posts\/11543\/revisions\/11545"}],"wp:featuredmedia":[{"embeddable":true,"href":"https:\/\/radiocresatelital.com\/index.php?rest_route=\/wp\/v2\/media\/11544"}],"wp:attachment":[{"href":"https:\/\/radiocresatelital.com\/index.php?rest_route=%2Fwp%2Fv2%2Fmedia&parent=11543"}],"wp:term":[{"taxonomy":"category","embeddable":true,"href":"https:\/\/radiocresatelital.com\/index.php?rest_route=%2Fwp%2Fv2%2Fcategories&post=11543"},{"taxonomy":"post_tag","embeddable":true,"href":"https:\/\/radiocresatelital.com\/index.php?rest_route=%2Fwp%2Fv2%2Ftags&post=11543"}],"curies":[{"name":"wp","href":"https:\/\/api.w.org\/{rel}","templated":true}]}}