{"id":11540,"date":"2024-03-01T21:17:27","date_gmt":"2024-03-01T21:17:27","guid":{"rendered":"https:\/\/radiocresatelital.com\/?p=11540"},"modified":"2024-03-01T21:17:27","modified_gmt":"2024-03-01T21:17:27","slug":"la-orquesta-sinfonica-de-guayaquil-vuelve-a-presentar-nuevas-sendas-para-brindar-otra-oportunidad-al-publico-de-experimentar-este-emotivo-concierto","status":"publish","type":"post","link":"https:\/\/radiocresatelital.com\/?p=11540","title":{"rendered":"La Orquesta Sinf\u00f3nica de Guayaquil vuelve a presentar \u00abNuevas Sendas\u00bb para brindar otra oportunidad al p\u00fablico de experimentar este emotivo concierto"},"content":{"rendered":"<p>Guayaquil.- Debido a la profunda resonancia emocional del concierto \u00abNuevas Sendas\u00bb, la Orquesta Sinf\u00f3nica de Guayaquil (OSG) ofrecer\u00e1 una repetici\u00f3n especial para permitir al p\u00fablico vivir esta experiencia \u00fanica una vez m\u00e1s. Esta presentaci\u00f3n se llevar\u00e1 a cabo el 1 de marzo de 2024 a las 11:00 en las instalaciones de la Sociedad de Lucha Contra el C\u00e1ncer (SOLCA).<\/p>\n<p>El elemento central de este concierto es la interpretaci\u00f3n de la Primera Sinfon\u00eda en Do menor, Op. 68 de Johannes Brahms.<\/p>\n<p>Esta monumental obra representa la lucha interna del compositor contra la sombra de Beethoven, y promete cautivar a la audiencia con su complejidad creativa y su triunfo art\u00edstico.<\/p>\n<p>El programa tambi\u00e9n incluir\u00e1 las \u00abCanciones R\u00fcckert\u00bb, un destacado ciclo de canciones compuesto por Gustav Mahler entre 1901 y 1902. Basadas en los poemas de Friedrich R\u00fcckert, estas obras revelan una conexi\u00f3n \u00edntima entre la m\u00fasica y la poes\u00eda.<\/p>\n<p>El maestro espa\u00f1ol \u00cd\u00f1igo Pirfano, director art\u00edstico titular de la OSG, guiar\u00e1 a la audiencia por un sendero sonoro lleno de significado. El concierto tambi\u00e9n contar\u00e1 con la participaci\u00f3n del destacado bar\u00edtono \u00c1lex Rodr\u00edguez como solista.<\/p>\n<p>Ser\u00e1 una ma\u00f1ana memorable de m\u00fasica y un conjunto de emociones.<\/p>\n","protected":false},"excerpt":{"rendered":"<p>Guayaquil.- Debido a la profunda resonancia emocional del concierto \u00abNuevas Sendas\u00bb, la Orquesta Sinf\u00f3nica de Guayaquil (OSG) ofrecer\u00e1 una repetici\u00f3n especial para permitir al p\u00fablico vivir esta experiencia \u00fanica una vez m\u00e1s. Esta presentaci\u00f3n se llevar\u00e1 a cabo el 1 de marzo de 2024 a las 11:00 en las instalaciones de la Sociedad de Lucha [&hellip;]<\/p>\n","protected":false},"author":2,"featured_media":11541,"comment_status":"open","ping_status":"closed","sticky":false,"template":"","format":"standard","meta":{"_jetpack_memberships_contains_paid_content":false,"footnotes":""},"categories":[13],"tags":[1940],"class_list":["post-11540","post","type-post","status-publish","format-standard","has-post-thumbnail","hentry","category-noticias-nacionales","tag-orquesta-sinfonica-de-guayaquil"],"jetpack_featured_media_url":"https:\/\/radiocresatelital.com\/wp-content\/uploads\/2024\/03\/Orquesta-Sinfonica-de-Guayaquil-presenta-su-concierto-de-Semana-Santa_.jpeg","jetpack_sharing_enabled":true,"_links":{"self":[{"href":"https:\/\/radiocresatelital.com\/index.php?rest_route=\/wp\/v2\/posts\/11540","targetHints":{"allow":["GET"]}}],"collection":[{"href":"https:\/\/radiocresatelital.com\/index.php?rest_route=\/wp\/v2\/posts"}],"about":[{"href":"https:\/\/radiocresatelital.com\/index.php?rest_route=\/wp\/v2\/types\/post"}],"author":[{"embeddable":true,"href":"https:\/\/radiocresatelital.com\/index.php?rest_route=\/wp\/v2\/users\/2"}],"replies":[{"embeddable":true,"href":"https:\/\/radiocresatelital.com\/index.php?rest_route=%2Fwp%2Fv2%2Fcomments&post=11540"}],"version-history":[{"count":1,"href":"https:\/\/radiocresatelital.com\/index.php?rest_route=\/wp\/v2\/posts\/11540\/revisions"}],"predecessor-version":[{"id":11542,"href":"https:\/\/radiocresatelital.com\/index.php?rest_route=\/wp\/v2\/posts\/11540\/revisions\/11542"}],"wp:featuredmedia":[{"embeddable":true,"href":"https:\/\/radiocresatelital.com\/index.php?rest_route=\/wp\/v2\/media\/11541"}],"wp:attachment":[{"href":"https:\/\/radiocresatelital.com\/index.php?rest_route=%2Fwp%2Fv2%2Fmedia&parent=11540"}],"wp:term":[{"taxonomy":"category","embeddable":true,"href":"https:\/\/radiocresatelital.com\/index.php?rest_route=%2Fwp%2Fv2%2Fcategories&post=11540"},{"taxonomy":"post_tag","embeddable":true,"href":"https:\/\/radiocresatelital.com\/index.php?rest_route=%2Fwp%2Fv2%2Ftags&post=11540"}],"curies":[{"name":"wp","href":"https:\/\/api.w.org\/{rel}","templated":true}]}}