{"id":11537,"date":"2024-03-01T21:13:53","date_gmt":"2024-03-01T21:13:53","guid":{"rendered":"https:\/\/radiocresatelital.com\/?p=11537"},"modified":"2024-03-01T21:13:53","modified_gmt":"2024-03-01T21:13:53","slug":"se-fortalece-el-sistema-de-climatizacion-del-hospital-teofilo-davila","status":"publish","type":"post","link":"https:\/\/radiocresatelital.com\/?p=11537","title":{"rendered":"Se fortalece el sistema de climatizaci\u00f3n del Hospital Te\u00f3filo D\u00e1vila"},"content":{"rendered":"<p>Machala.- Debido a las condiciones clim\u00e1ticas que vive la ciudad de Machala, se han presentado algunos inconvenientes en los equipos de climatizaci\u00f3n del Hospital General Te\u00f3filo D\u00e1vila, por lo cual se realizan acciones inmediatas para corregir los da\u00f1os.<\/p>\n<p>Vilma Poma Bustos, gerente hospitalaria, se\u00f1al\u00f3 que se han realizado gestiones para fortalecer los equipos de climatizaci\u00f3n del principal centro hospitalario de la provincia de El Oro.<\/p>\n<p>\u201cDebo agradecer a la empresa privada y gracias a los recursos que nos entrega el Gobierno Nacional, a trav\u00e9s del Ministerio de Salud P\u00fablica, estamos renovando varios equipos, con la finalidad de poner operativas varias \u00e1reas cr\u00edticas del HTD\u201d, expres\u00f3 Poma.<\/p>\n<p>Adem\u00e1s, la funcionaria manifest\u00f3 que \u201cencontr\u00f3 equipos da\u00f1ados, pero inmediatamente se est\u00e1 corrigiendo para operativizar todas las \u00e1reas m\u00e9dicas. Seguiremos trabajando para corregir los da\u00f1os\u201d.<\/p>\n<p>Con un monto aproximado de USD 7 mil se han comprado equipos y repuestos para mejorar la climatizaci\u00f3n de las \u00e1reas m\u00e9dicas consideradas cr\u00edticas.<\/p>\n<p>Hasta el 28 de febrero de 2024 se ejecutaron 600 cirug\u00edas en el Centro Quir\u00fargico del Hospital Te\u00f3filo D\u00e1vila.<\/p>\n<p>Jhon Piedra Rodr\u00edguez, de 25 a\u00f1os, paciente con diagn\u00f3stico de Guillain Barr\u00e9, trastorno poco frecuente que ataca el sistema inmunitario del organismo y los nervios, agradeci\u00f3 por la atenci\u00f3n brindada en el hospital.<\/p>\n<p>\u201cAgradecido por todo el tratamiento que me han dado aqu\u00ed en este hospital, lo cual me ha permitido recuperarme y hoy me voy a casa con mi familia\u201d, se\u00f1al\u00f3 Piedra.<\/p>\n","protected":false},"excerpt":{"rendered":"<p>Machala.- Debido a las condiciones clim\u00e1ticas que vive la ciudad de Machala, se han presentado algunos inconvenientes en los equipos de climatizaci\u00f3n del Hospital General Te\u00f3filo D\u00e1vila, por lo cual se realizan acciones inmediatas para corregir los da\u00f1os. Vilma Poma Bustos, gerente hospitalaria, se\u00f1al\u00f3 que se han realizado gestiones para fortalecer los equipos de climatizaci\u00f3n [&hellip;]<\/p>\n","protected":false},"author":2,"featured_media":11538,"comment_status":"open","ping_status":"closed","sticky":false,"template":"","format":"standard","meta":{"_jetpack_memberships_contains_paid_content":false,"footnotes":""},"categories":[13],"tags":[269],"class_list":["post-11537","post","type-post","status-publish","format-standard","has-post-thumbnail","hentry","category-noticias-nacionales","tag-hospital-general-teofilo-davila"],"jetpack_featured_media_url":"https:\/\/radiocresatelital.com\/wp-content\/uploads\/2024\/03\/e2b2404c-1edc-4d57-a407-d03eebc48f97.jpeg","jetpack_sharing_enabled":true,"_links":{"self":[{"href":"https:\/\/radiocresatelital.com\/index.php?rest_route=\/wp\/v2\/posts\/11537","targetHints":{"allow":["GET"]}}],"collection":[{"href":"https:\/\/radiocresatelital.com\/index.php?rest_route=\/wp\/v2\/posts"}],"about":[{"href":"https:\/\/radiocresatelital.com\/index.php?rest_route=\/wp\/v2\/types\/post"}],"author":[{"embeddable":true,"href":"https:\/\/radiocresatelital.com\/index.php?rest_route=\/wp\/v2\/users\/2"}],"replies":[{"embeddable":true,"href":"https:\/\/radiocresatelital.com\/index.php?rest_route=%2Fwp%2Fv2%2Fcomments&post=11537"}],"version-history":[{"count":1,"href":"https:\/\/radiocresatelital.com\/index.php?rest_route=\/wp\/v2\/posts\/11537\/revisions"}],"predecessor-version":[{"id":11539,"href":"https:\/\/radiocresatelital.com\/index.php?rest_route=\/wp\/v2\/posts\/11537\/revisions\/11539"}],"wp:featuredmedia":[{"embeddable":true,"href":"https:\/\/radiocresatelital.com\/index.php?rest_route=\/wp\/v2\/media\/11538"}],"wp:attachment":[{"href":"https:\/\/radiocresatelital.com\/index.php?rest_route=%2Fwp%2Fv2%2Fmedia&parent=11537"}],"wp:term":[{"taxonomy":"category","embeddable":true,"href":"https:\/\/radiocresatelital.com\/index.php?rest_route=%2Fwp%2Fv2%2Fcategories&post=11537"},{"taxonomy":"post_tag","embeddable":true,"href":"https:\/\/radiocresatelital.com\/index.php?rest_route=%2Fwp%2Fv2%2Ftags&post=11537"}],"curies":[{"name":"wp","href":"https:\/\/api.w.org\/{rel}","templated":true}]}}