{"id":11534,"date":"2024-03-01T21:08:29","date_gmt":"2024-03-01T21:08:29","guid":{"rendered":"https:\/\/radiocresatelital.com\/?p=11534"},"modified":"2024-03-01T21:08:29","modified_gmt":"2024-03-01T21:08:29","slug":"municipio-de-guayaquil-coordinara-acciones-con-el-ministerio-de-turismo-para-reactivar-este-sector-economico","status":"publish","type":"post","link":"https:\/\/radiocresatelital.com\/?p=11534","title":{"rendered":"Municipio de Guayaquil coordinar\u00e1 acciones con el Ministerio de Turismo para reactivar este sector econ\u00f3mico"},"content":{"rendered":"<p>Guayaquil.- El Alcalde Aquiles \u00c1lvarez recibi\u00f3 en el Sal\u00f3n de la Ciudad \u201cJos\u00e9 Joaqu\u00edn de Olmedo\u201d al ministro de Turismo, Niels Olsen, y dem\u00e1s funcionarios de esta cartera de Estado. Durante el encuentro se expuso el plan del Ministerio de Turismo para impulsar esta actividad econ\u00f3mica durante 2024.<\/p>\n<p>En el encuentro tambi\u00e9n participaron el gobernador del Guayas, Alberto Molina; el director ejecutivo del Municipio de Guayaquil, Fernando Cornejo; el gerente general de Segura EP, Andr\u00e9s Sandoval; y la directora de Eventos Especiales, Promoci\u00f3n C\u00edvica y Turismo, Tahiz Panus; adem\u00e1s de concejales de la ciudad, representantes del sector tur\u00edstico y de la academia.<\/p>\n<p>\u201cGuayaquil va a trabajar de la mano con el Ministerio de Turismo. La \u00e9poca de los egos se acab\u00f3. Cuenten con el Municipio de Guayaquil\u201d, destac\u00f3 el primer personero municipal.<\/p>\n<p>El Alcalde aclar\u00f3 a los representantes del sector que la supresi\u00f3n de la Empresa de Turismo no significa que el Municipio vaya a dejar de respaldar esta actividad. \u201cLa Direcci\u00f3n de Eventos Especiales, Promoci\u00f3n C\u00edvica y Turismo tendr\u00e1 una coordinaci\u00f3n de Turismo con un presupuesto m\u00e1s focalizado. Buscamos que haya inversi\u00f3n de forma directa a proyectos y programas espec\u00edficos\u201d.<\/p>\n<p>Agreg\u00f3 que la tasa de pernoctaci\u00f3n que se paga en los hoteles ser\u00e1 recaudada ahora por la Direcci\u00f3n Financiera del Municipio.<\/p>\n<p>Los funcionarios del Ministerio de Turismo ofrecieron detalles sobre las acciones para reactivar este sector econ\u00f3mico, una actividad que da empleo a m\u00e1s de 560.000 personas en todo el pa\u00eds. Reconocieron que entre el 9 y 31 de enero de 2024 se report\u00f3 una ca\u00edda del 41% en los arribos internacionales a Guayaquil.<\/p>\n<p>Ante esta situaci\u00f3n se incorporar\u00e1n 40 nuevos efectivos a la Polic\u00eda Tur\u00edstica que funciona en la ciudad. Tambi\u00e9n est\u00e1 operativa una plataforma de capacitaci\u00f3n virtual con 21 tem\u00e1ticas, entre ellas el idioma ingl\u00e9s, aunque pr\u00f3ximamente se incorporar\u00e1n el chino y franc\u00e9s. En lo que va del a\u00f1o ya se han capacitado a 3.150 personas.<\/p>\n<p>Olsen destac\u00f3 que hay la mejor predisposici\u00f3n del Municipio de Guayaquil para trabajar en conjunto, para reactivar el turismo y recuperar la imagen de la ciudad.<\/p>\n<p>\u201cGracias Alcalde por la apertura. Presentamos el Plan de Turismo 2024 para que conozcan las oportunidades que existen y para que participen\u201d, se\u00f1al\u00f3 el funcionario.<\/p>\n<p>En esa l\u00ednea, tambi\u00e9n est\u00e1n vigentes cr\u00e9ditos al 5% de inter\u00e9s en BanEcuador. En Guayaquil ya se han otorgado 7 pr\u00e9stamos por un valor de USD 140.000.<\/p>\n<p>Adem\u00e1s, est\u00e1 previsto que este a\u00f1o la aerol\u00ednea JetSMART implemente tres frecuencias m\u00e1s entre Guayaquil y Lima. Mientras que Iberia abrir\u00e1 dos frecuencias entre Guayaquil y Madrid. Tambi\u00e9n tres cruceros arribar\u00e1n a la ciudad a lo largo de este 2024. Estas son las acciones que se desarrollan en beneficio del sector tur\u00edstico.<\/p>\n","protected":false},"excerpt":{"rendered":"<p>Guayaquil.- El Alcalde Aquiles \u00c1lvarez recibi\u00f3 en el Sal\u00f3n de la Ciudad \u201cJos\u00e9 Joaqu\u00edn de Olmedo\u201d al ministro de Turismo, Niels Olsen, y dem\u00e1s funcionarios de esta cartera de Estado. Durante el encuentro se expuso el plan del Ministerio de Turismo para impulsar esta actividad econ\u00f3mica durante 2024. En el encuentro tambi\u00e9n participaron el gobernador [&hellip;]<\/p>\n","protected":false},"author":2,"featured_media":11535,"comment_status":"open","ping_status":"closed","sticky":false,"template":"","format":"standard","meta":{"_jetpack_memberships_contains_paid_content":false,"footnotes":""},"categories":[33,13],"tags":[669,14],"class_list":["post-11534","post","type-post","status-publish","format-standard","has-post-thumbnail","hentry","category-guayaquil","category-noticias-nacionales","tag-alcalde-de-guayaquil","tag-aquiles-alvarez"],"jetpack_featured_media_url":"https:\/\/radiocresatelital.com\/wp-content\/uploads\/2024\/03\/turismo.jpg","jetpack_sharing_enabled":true,"_links":{"self":[{"href":"https:\/\/radiocresatelital.com\/index.php?rest_route=\/wp\/v2\/posts\/11534","targetHints":{"allow":["GET"]}}],"collection":[{"href":"https:\/\/radiocresatelital.com\/index.php?rest_route=\/wp\/v2\/posts"}],"about":[{"href":"https:\/\/radiocresatelital.com\/index.php?rest_route=\/wp\/v2\/types\/post"}],"author":[{"embeddable":true,"href":"https:\/\/radiocresatelital.com\/index.php?rest_route=\/wp\/v2\/users\/2"}],"replies":[{"embeddable":true,"href":"https:\/\/radiocresatelital.com\/index.php?rest_route=%2Fwp%2Fv2%2Fcomments&post=11534"}],"version-history":[{"count":1,"href":"https:\/\/radiocresatelital.com\/index.php?rest_route=\/wp\/v2\/posts\/11534\/revisions"}],"predecessor-version":[{"id":11536,"href":"https:\/\/radiocresatelital.com\/index.php?rest_route=\/wp\/v2\/posts\/11534\/revisions\/11536"}],"wp:featuredmedia":[{"embeddable":true,"href":"https:\/\/radiocresatelital.com\/index.php?rest_route=\/wp\/v2\/media\/11535"}],"wp:attachment":[{"href":"https:\/\/radiocresatelital.com\/index.php?rest_route=%2Fwp%2Fv2%2Fmedia&parent=11534"}],"wp:term":[{"taxonomy":"category","embeddable":true,"href":"https:\/\/radiocresatelital.com\/index.php?rest_route=%2Fwp%2Fv2%2Fcategories&post=11534"},{"taxonomy":"post_tag","embeddable":true,"href":"https:\/\/radiocresatelital.com\/index.php?rest_route=%2Fwp%2Fv2%2Ftags&post=11534"}],"curies":[{"name":"wp","href":"https:\/\/api.w.org\/{rel}","templated":true}]}}