{"id":11449,"date":"2024-02-28T21:18:33","date_gmt":"2024-02-28T21:18:33","guid":{"rendered":"https:\/\/radiocresatelital.com\/?p=11449"},"modified":"2024-02-28T21:18:33","modified_gmt":"2024-02-28T21:18:33","slug":"gobierno-nacional-con-entrega-de-ambulancia-fortalece-la-atencion-de-salud-en-el-canton-pinas","status":"publish","type":"post","link":"https:\/\/radiocresatelital.com\/?p=11449","title":{"rendered":"Gobierno Nacional con entrega de ambulancia fortalece la atenci\u00f3n de salud en el cant\u00f3n Pi\u00f1as"},"content":{"rendered":"<p>Pi\u00f1as.- Dentro de las acciones de fortalecimiento del \u00e1rea de la salud, el Gobierno Nacional a trav\u00e9s del Ministerio de Salud P\u00fablica entreg\u00f3 una nueva ambulancia para el Distrito 07D04 de Salud Pi\u00f1as.<\/p>\n<p>El gobernador Jimmy Blacio recalc\u00f3 que \u00e9sta entrega es parte del compromiso del Gobierno Nacional por fortalecer la salud en todos los sectores del Pa\u00eds.<\/p>\n<p>\u201cCon estas modernas ambulancias estamos mejorando la atenci\u00f3n de las emergencias que son reportadas a la l\u00ednea de emergencia 911\u201d, recalc\u00f3 el Ejecutivo provincial.<\/p>\n<p>La nueva ambulancia de procedencia italiana, es parte del lote de ambulancias que en semanas anteriores fueron repartidas en Manta por el Gobierno Nacional para las diferentes casas de salud del pa\u00eds.<\/p>\n<p>Para este Distrito se ha destinado dos ambulancias, la primera en llegar fue la entregada este martes, mientras que la segunda llegar\u00eda el mes pr\u00f3ximo.<\/p>\n<p>La misma tendr\u00e1 como base el Centro de Salud Tipo \u201cB\u201d del cant\u00f3n Balsas y tambi\u00e9n prestar\u00e1 su contingente al cant\u00f3n Marcabel\u00ed.<\/p>\n<p>Seg\u00fan la directora , Sayda Galarza, esta ambulancia Iveco, cuenta con equipos m\u00f3viles y va a fortalecer el servicio de atenci\u00f3n, pues las mismas estar\u00e1n ancladas al Sistema Integrado de Seguridad ECU 911, para atender las emergencias que se pudieran dar en este territorio.<\/p>\n<p>Las ambulancias antiguas ser\u00e1n destinadas para transporte secundario en los tres cantones quepertenecen al distrito.<\/p>\n","protected":false},"excerpt":{"rendered":"<p>Pi\u00f1as.- Dentro de las acciones de fortalecimiento del \u00e1rea de la salud, el Gobierno Nacional a trav\u00e9s del Ministerio de Salud P\u00fablica entreg\u00f3 una nueva ambulancia para el Distrito 07D04 de Salud Pi\u00f1as. El gobernador Jimmy Blacio recalc\u00f3 que \u00e9sta entrega es parte del compromiso del Gobierno Nacional por fortalecer la salud en todos los [&hellip;]<\/p>\n","protected":false},"author":2,"featured_media":11450,"comment_status":"open","ping_status":"closed","sticky":false,"template":"","format":"standard","meta":{"_jetpack_memberships_contains_paid_content":false,"footnotes":""},"categories":[13],"tags":[1929,1930],"class_list":["post-11449","post","type-post","status-publish","format-standard","has-post-thumbnail","hentry","category-noticias-nacionales","tag-ambulancia","tag-pinas"],"jetpack_featured_media_url":"https:\/\/radiocresatelital.com\/wp-content\/uploads\/2024\/02\/pinas.webp","jetpack_sharing_enabled":true,"_links":{"self":[{"href":"https:\/\/radiocresatelital.com\/index.php?rest_route=\/wp\/v2\/posts\/11449","targetHints":{"allow":["GET"]}}],"collection":[{"href":"https:\/\/radiocresatelital.com\/index.php?rest_route=\/wp\/v2\/posts"}],"about":[{"href":"https:\/\/radiocresatelital.com\/index.php?rest_route=\/wp\/v2\/types\/post"}],"author":[{"embeddable":true,"href":"https:\/\/radiocresatelital.com\/index.php?rest_route=\/wp\/v2\/users\/2"}],"replies":[{"embeddable":true,"href":"https:\/\/radiocresatelital.com\/index.php?rest_route=%2Fwp%2Fv2%2Fcomments&post=11449"}],"version-history":[{"count":1,"href":"https:\/\/radiocresatelital.com\/index.php?rest_route=\/wp\/v2\/posts\/11449\/revisions"}],"predecessor-version":[{"id":11451,"href":"https:\/\/radiocresatelital.com\/index.php?rest_route=\/wp\/v2\/posts\/11449\/revisions\/11451"}],"wp:featuredmedia":[{"embeddable":true,"href":"https:\/\/radiocresatelital.com\/index.php?rest_route=\/wp\/v2\/media\/11450"}],"wp:attachment":[{"href":"https:\/\/radiocresatelital.com\/index.php?rest_route=%2Fwp%2Fv2%2Fmedia&parent=11449"}],"wp:term":[{"taxonomy":"category","embeddable":true,"href":"https:\/\/radiocresatelital.com\/index.php?rest_route=%2Fwp%2Fv2%2Fcategories&post=11449"},{"taxonomy":"post_tag","embeddable":true,"href":"https:\/\/radiocresatelital.com\/index.php?rest_route=%2Fwp%2Fv2%2Ftags&post=11449"}],"curies":[{"name":"wp","href":"https:\/\/api.w.org\/{rel}","templated":true}]}}