{"id":11446,"date":"2024-02-28T21:09:00","date_gmt":"2024-02-28T21:09:00","guid":{"rendered":"https:\/\/radiocresatelital.com\/?p=11446"},"modified":"2024-02-28T21:09:12","modified_gmt":"2024-02-28T21:09:12","slug":"articulacion-entre-la-prefectura-ciudadana-del-guayas-y-el-gobierno-nacional-permite-atender-emergencias","status":"publish","type":"post","link":"https:\/\/radiocresatelital.com\/?p=11446","title":{"rendered":"Articulaci\u00f3n entre la Prefectura Ciudadana del Guayas y el Gobierno Nacional permite atender emergencias"},"content":{"rendered":"<p><span style=\"font-weight: 400;\">Guayaquil.- El Comit\u00e9 de Operaciones de Emergencia (COE) del Guayas resolvi\u00f3 mantenerse en sesi\u00f3n permanente para atender las emergencias por las lluvias en la provincia. El organismo, sesion\u00f3 entre la tarde y noche de este martes 27 de febrero, bajo la conducci\u00f3n de la prefecta Marcela Agui\u00f1aga. Con ella estuvieron el gobernador Alberto Molina, el viceprefecto Carlos Serrano, alcaldes y l\u00edderes de las mesas y grupos de trabajo.<\/span><\/p>\n<p><span style=\"font-weight: 400;\">El COE resolvi\u00f3 coordinar, entre el Ministerio de Transporte y la Prefectura Ciudadana del Guayas, la colocaci\u00f3n de puentes Bailey y la disposici\u00f3n de maquinaria en cantones. Adem\u00e1s, el Ministerio de Salud P\u00fablica mantiene activa la vigilancia por la alerta epidemiol\u00f3gica de dengue en Per\u00fa, lo que incluye ejecutar labores de fumigaci\u00f3n en las zonas urbanas y rurales.\u00a0<\/span><\/p>\n<p><span style=\"font-weight: 400;\">Asimismo, inform\u00f3 la prefecta Agui\u00f1aga, las Fuerzas Armadas seguir\u00e1n brindando apoyo log\u00edstico y de seguridad a los cantones en emergencia y a la Prefectura Ciudadana del Guayas.<\/span><\/p>\n<p><span style=\"font-weight: 400;\">La prefecta Agui\u00f1aga destac\u00f3 el trabajo articulado entre el Gobierno Nacional, la Prefectura Ciudadana del Guayas y las dem\u00e1s instancias, para darle una respuesta urgente a los cantones.\u00a0<\/span><\/p>\n<p><span style=\"font-weight: 400;\">\u201cUno de los cambios sustantivos que nos ha permitido la nueva Ley de Gesti\u00f3n de Riesgos es mejorar, optimizar y ser m\u00e1s eficientes en la coordinaci\u00f3n de los recursos, la log\u00edstica y las acciones respecto del Gobierno Nacional, a trav\u00e9s de sus diferentes delegados, as\u00ed como tambi\u00e9n con las autoridades locales, Fuerzas Armadas, Polic\u00eda Nacional y cuerpos de Bomberos\u201d, manifest\u00f3 la ejecutiva guayasense.<\/span><\/p>\n<p><span style=\"font-weight: 400;\">Al momento, cinco cantones (Jujan, Playas, Milagro, Santa Luc\u00eda y Palestina) se han declarado en emergencia; y, ocho municipios (Milagro, Playas, Naranjito, Guayaquil, Balzar, Sim\u00f3n Bol\u00edvar, Palestina y Santa Lucia) mantienen su COE activo. Adem\u00e1s, 22.018 personas y 6.169 viviendas han resultado afectadas; al igual que existen siete albergues activos con 120 familias.<\/span><\/p>\n<p><span style=\"font-weight: 400;\">Sin embargo, seg\u00fan indic\u00f3 el director de Riesgos de la Prefectura Ciudadana del Guayas, Cristian Torres, por ahora el COE no ha recomendado declarar a la provincia en emergencia o desastre.\u00a0<\/span><\/p>\n<p><span style=\"font-weight: 400;\">\u201cLas declaratorias de emergencia de los municipios nos instan, como COE Provincial, a poder coordinar todos los recursos de manera interinstitucional y, por ahora, los recursos de la provincia han alcanzado para solventar estas emergencias. Est\u00e1n siendo atendidas con entrega de asistencia humanitaria y con maquinaria. Hoy la Prefectura tiene 151 m\u00e1quinas atendiendo 22 emergencias, adicional a la maquinaria que tiene cada municipio\u201d, puntualiz\u00f3.<\/span><\/p>\n","protected":false},"excerpt":{"rendered":"<p>Guayaquil.- El Comit\u00e9 de Operaciones de Emergencia (COE) del Guayas resolvi\u00f3 mantenerse en sesi\u00f3n permanente para atender las emergencias por las lluvias en la provincia. El organismo, sesion\u00f3 entre la tarde y noche de este martes 27 de febrero, bajo la conducci\u00f3n de la prefecta Marcela Agui\u00f1aga. Con ella estuvieron el gobernador Alberto Molina, el [&hellip;]<\/p>\n","protected":false},"author":2,"featured_media":11447,"comment_status":"open","ping_status":"closed","sticky":false,"template":"","format":"standard","meta":{"_jetpack_memberships_contains_paid_content":false,"footnotes":""},"categories":[13],"tags":[415],"class_list":["post-11446","post","type-post","status-publish","format-standard","has-post-thumbnail","hentry","category-noticias-nacionales","tag-prefectura-ciudadana-del-guayas"],"jetpack_featured_media_url":"https:\/\/radiocresatelital.com\/wp-content\/uploads\/2024\/02\/WhatsApp-Image-2024-02-27-at-20.18.23-scaled.jpeg","jetpack_sharing_enabled":true,"_links":{"self":[{"href":"https:\/\/radiocresatelital.com\/index.php?rest_route=\/wp\/v2\/posts\/11446","targetHints":{"allow":["GET"]}}],"collection":[{"href":"https:\/\/radiocresatelital.com\/index.php?rest_route=\/wp\/v2\/posts"}],"about":[{"href":"https:\/\/radiocresatelital.com\/index.php?rest_route=\/wp\/v2\/types\/post"}],"author":[{"embeddable":true,"href":"https:\/\/radiocresatelital.com\/index.php?rest_route=\/wp\/v2\/users\/2"}],"replies":[{"embeddable":true,"href":"https:\/\/radiocresatelital.com\/index.php?rest_route=%2Fwp%2Fv2%2Fcomments&post=11446"}],"version-history":[{"count":1,"href":"https:\/\/radiocresatelital.com\/index.php?rest_route=\/wp\/v2\/posts\/11446\/revisions"}],"predecessor-version":[{"id":11448,"href":"https:\/\/radiocresatelital.com\/index.php?rest_route=\/wp\/v2\/posts\/11446\/revisions\/11448"}],"wp:featuredmedia":[{"embeddable":true,"href":"https:\/\/radiocresatelital.com\/index.php?rest_route=\/wp\/v2\/media\/11447"}],"wp:attachment":[{"href":"https:\/\/radiocresatelital.com\/index.php?rest_route=%2Fwp%2Fv2%2Fmedia&parent=11446"}],"wp:term":[{"taxonomy":"category","embeddable":true,"href":"https:\/\/radiocresatelital.com\/index.php?rest_route=%2Fwp%2Fv2%2Fcategories&post=11446"},{"taxonomy":"post_tag","embeddable":true,"href":"https:\/\/radiocresatelital.com\/index.php?rest_route=%2Fwp%2Fv2%2Ftags&post=11446"}],"curies":[{"name":"wp","href":"https:\/\/api.w.org\/{rel}","templated":true}]}}