{"id":11426,"date":"2024-02-28T15:32:36","date_gmt":"2024-02-28T15:32:36","guid":{"rendered":"https:\/\/radiocresatelital.com\/?p=11426"},"modified":"2024-02-28T21:04:50","modified_gmt":"2024-02-28T21:04:50","slug":"asamblea-pide-a-noboa-declarar-en-emergencia-sector-agricola-acuicola-y-refinanciar-los-creditos","status":"publish","type":"post","link":"https:\/\/radiocresatelital.com\/?p=11426","title":{"rendered":"Asamblea pide a Noboa declarar en emergencia sector agr\u00edcola\/acu\u00edcola y refinanciar los cr\u00e9ditos"},"content":{"rendered":"<p>Quito.- Debido a las inundaciones, deslaves, p\u00e9rdidas de vida y econ\u00f3micas, la Asamblea Nacional con 120 votos a favor, exhorta al Presidente de la Rep\u00fablica, Daniel Noboa, a declarar en emergencia el sector agropecuario y acu\u00edcola del pa\u00eds.<\/p>\n<p>El pedido implica que la banca p\u00fablica reestructure y reprograme los cr\u00e9ditos de los ciudadanos que est\u00e1n vencidos, incluso estando en coactiva, antes del remate adjudicado de los bienes. Esa reestructuraci\u00f3n implica 24 meses de gracia, sin an\u00e1lisis crediticio del cliente.<\/p>\n<p>As\u00ed tambi\u00e9n el exhorto pide la declaratoria de estado de excepci\u00f3n en las provincias de\u00a0Los R\u00edos, Guayas, Esmeraldas, Manab\u00ed, Santa Elena, Bol\u00edvar, Santo Domingo, Ca\u00f1ar, y Azuay, debido a las graves consecuencias que soportan por las lluvias y que a su vez se destinen recursos econ\u00f3micos a los ministerios de <b>Agricultura, Producci\u00f3n, Transporte y Salud<\/b> para la realizaci\u00f3n de las obras necesarias, reparaciones y control de enfermedades como el dengue y la malaria. Adicional en un plazo no mayor de 10 d\u00edas las autoridades de dichas carteras tendr\u00e1n que asistir al legislativo a informar sobre las acciones realizadas.<\/p>\n","protected":false},"excerpt":{"rendered":"<p>Quito.- Debido a las inundaciones, deslaves, p\u00e9rdidas de vida y econ\u00f3micas, la Asamblea Nacional con 120 votos a favor, exhorta al Presidente de la Rep\u00fablica, Daniel Noboa, a declarar en emergencia el sector agropecuario y acu\u00edcola del pa\u00eds. El pedido implica que la banca p\u00fablica reestructure y reprograme los cr\u00e9ditos de los ciudadanos que est\u00e1n [&hellip;]<\/p>\n","protected":false},"author":3,"featured_media":11427,"comment_status":"open","ping_status":"closed","sticky":false,"template":"","format":"standard","meta":{"_jetpack_memberships_contains_paid_content":false,"footnotes":""},"categories":[13],"tags":[472],"class_list":["post-11426","post","type-post","status-publish","format-standard","has-post-thumbnail","hentry","category-noticias-nacionales","tag-asamblea-nacional"],"jetpack_featured_media_url":"https:\/\/radiocresatelital.com\/wp-content\/uploads\/2024\/02\/ayuda-para-el-campo.jpeg","jetpack_sharing_enabled":true,"_links":{"self":[{"href":"https:\/\/radiocresatelital.com\/index.php?rest_route=\/wp\/v2\/posts\/11426","targetHints":{"allow":["GET"]}}],"collection":[{"href":"https:\/\/radiocresatelital.com\/index.php?rest_route=\/wp\/v2\/posts"}],"about":[{"href":"https:\/\/radiocresatelital.com\/index.php?rest_route=\/wp\/v2\/types\/post"}],"author":[{"embeddable":true,"href":"https:\/\/radiocresatelital.com\/index.php?rest_route=\/wp\/v2\/users\/3"}],"replies":[{"embeddable":true,"href":"https:\/\/radiocresatelital.com\/index.php?rest_route=%2Fwp%2Fv2%2Fcomments&post=11426"}],"version-history":[{"count":2,"href":"https:\/\/radiocresatelital.com\/index.php?rest_route=\/wp\/v2\/posts\/11426\/revisions"}],"predecessor-version":[{"id":11445,"href":"https:\/\/radiocresatelital.com\/index.php?rest_route=\/wp\/v2\/posts\/11426\/revisions\/11445"}],"wp:featuredmedia":[{"embeddable":true,"href":"https:\/\/radiocresatelital.com\/index.php?rest_route=\/wp\/v2\/media\/11427"}],"wp:attachment":[{"href":"https:\/\/radiocresatelital.com\/index.php?rest_route=%2Fwp%2Fv2%2Fmedia&parent=11426"}],"wp:term":[{"taxonomy":"category","embeddable":true,"href":"https:\/\/radiocresatelital.com\/index.php?rest_route=%2Fwp%2Fv2%2Fcategories&post=11426"},{"taxonomy":"post_tag","embeddable":true,"href":"https:\/\/radiocresatelital.com\/index.php?rest_route=%2Fwp%2Fv2%2Ftags&post=11426"}],"curies":[{"name":"wp","href":"https:\/\/api.w.org\/{rel}","templated":true}]}}