{"id":11396,"date":"2024-02-27T20:41:52","date_gmt":"2024-02-27T20:41:52","guid":{"rendered":"https:\/\/radiocresatelital.com\/?p=11396"},"modified":"2024-02-27T20:42:01","modified_gmt":"2024-02-27T20:42:01","slug":"con-48-planteles-intervenidos-en-la-primera-fase-de-unidos-por-la-educacion","status":"publish","type":"post","link":"https:\/\/radiocresatelital.com\/?p=11396","title":{"rendered":"Con 48 planteles intervenidos en la primera fase de Unidos por la Educaci\u00f3n"},"content":{"rendered":"<p><span style=\"font-weight: 400;\">Guayaquil.- El programa Unidos por la Educaci\u00f3n logra buenos resultados para cambiar el futuro de miles de estudiantes de planteles fiscales de la provincia. La ma\u00f1ana de este 27 de febrero fueron presentados los productos de la primera fase, en la que se intervienen 48 establecimientos, de 22 cantones del Guayas.<\/span><\/p>\n<p><span style=\"font-weight: 400;\">La ceremonia se desarroll\u00f3 en el emblem\u00e1tico colegio Rita Lecumberri, uno de los intervenidos como parte del Proyecto Guayas, e incluy\u00f3 un recorrido por las mejoradas instalaciones. Lideraron el acto la prefecta Marcela Agui\u00f1aga; el viceministro de Educaci\u00f3n, Diego Paz; el director de Educaci\u00f3n y Deportes de la Prefectura Ciudadana del Guayas, David Lecaro; la presidenta de la Fundaci\u00f3n Unidos por la Educaci\u00f3n, Isabel Noboa; la rectora del plantel, Gladys Mora, entre otras autoridades.<\/span><\/p>\n<p><span style=\"font-weight: 400;\">\u201cSin duda alguna, invertir en la educaci\u00f3n es invertir en la calidad de vida de la gente, porque es la inversi\u00f3n m\u00e1s beneficiosa que pueden tener nuestros ciudadanos\u201d, indic\u00f3 la prefecta Agui\u00f1aga, quien resalt\u00f3 la necesidad de apuntar a una corresponsabilidad entre las diferentes instancias de gobierno y la empresa privada. \u201cDebemos entender que la crisis es del pa\u00eds. Nosotros tambi\u00e9n estamos en crisis, pero invertir en lo importante y en lo urgente, debe ser nuestra prioridad\u201d.<\/span><\/p>\n<p><span style=\"font-weight: 400;\">El programa se ejecuta a nivel nacional a trav\u00e9s de una alianza entre el Ministerio de Educaci\u00f3n, la Fundaci\u00f3n Unidos por la Educaci\u00f3n y los gobiernos aut\u00f3nomos descentralizados. En total, son 200 unidades educativas de 15 provincias. En Guayas, la primera etapa abarca 48 establecimientos. Se sostiene en tres ejes: infraestructura, equipamiento y formaci\u00f3n, generando tambi\u00e9n cambios positivos a nivel pedag\u00f3gico y comunitario, incluyendo la capacitaci\u00f3n a docentes.<\/span><\/p>\n<p><span style=\"font-weight: 400;\">\u201cHoy, al terminar esta primera fase del Proyecto Guayas es el inicio de un futuro constructivo\u201d, dijo, a su turno, Isabel Noboa, quien agradeci\u00f3 a la prefecta Agui\u00f1aga y al ministro de Educaci\u00f3n, Daniel Calder\u00f3n, y a la comunidad en general por el desarrollo del proyecto. \u201cHace ya casi cinco a\u00f1os que iniciamos Unidos por la Educaci\u00f3n, y nos enfocamos en un solo prop\u00f3sito: transformar el Sistema Nacional de Educaci\u00f3n en uno justo, de calidad e innovador\u201d.<\/span><\/p>\n","protected":false},"excerpt":{"rendered":"<p>Guayaquil.- El programa Unidos por la Educaci\u00f3n logra buenos resultados para cambiar el futuro de miles de estudiantes de planteles fiscales de la provincia. La ma\u00f1ana de este 27 de febrero fueron presentados los productos de la primera fase, en la que se intervienen 48 establecimientos, de 22 cantones del Guayas. La ceremonia se desarroll\u00f3 [&hellip;]<\/p>\n","protected":false},"author":2,"featured_media":11397,"comment_status":"open","ping_status":"closed","sticky":false,"template":"","format":"standard","meta":{"_jetpack_memberships_contains_paid_content":false,"footnotes":""},"categories":[13],"tags":[415],"class_list":["post-11396","post","type-post","status-publish","format-standard","has-post-thumbnail","hentry","category-noticias-nacionales","tag-prefectura-ciudadana-del-guayas"],"jetpack_featured_media_url":"https:\/\/radiocresatelital.com\/wp-content\/uploads\/2024\/02\/WhatsApp-Image-2024-02-27-at-14.58.13-scaled.jpeg","jetpack_sharing_enabled":true,"_links":{"self":[{"href":"https:\/\/radiocresatelital.com\/index.php?rest_route=\/wp\/v2\/posts\/11396","targetHints":{"allow":["GET"]}}],"collection":[{"href":"https:\/\/radiocresatelital.com\/index.php?rest_route=\/wp\/v2\/posts"}],"about":[{"href":"https:\/\/radiocresatelital.com\/index.php?rest_route=\/wp\/v2\/types\/post"}],"author":[{"embeddable":true,"href":"https:\/\/radiocresatelital.com\/index.php?rest_route=\/wp\/v2\/users\/2"}],"replies":[{"embeddable":true,"href":"https:\/\/radiocresatelital.com\/index.php?rest_route=%2Fwp%2Fv2%2Fcomments&post=11396"}],"version-history":[{"count":1,"href":"https:\/\/radiocresatelital.com\/index.php?rest_route=\/wp\/v2\/posts\/11396\/revisions"}],"predecessor-version":[{"id":11398,"href":"https:\/\/radiocresatelital.com\/index.php?rest_route=\/wp\/v2\/posts\/11396\/revisions\/11398"}],"wp:featuredmedia":[{"embeddable":true,"href":"https:\/\/radiocresatelital.com\/index.php?rest_route=\/wp\/v2\/media\/11397"}],"wp:attachment":[{"href":"https:\/\/radiocresatelital.com\/index.php?rest_route=%2Fwp%2Fv2%2Fmedia&parent=11396"}],"wp:term":[{"taxonomy":"category","embeddable":true,"href":"https:\/\/radiocresatelital.com\/index.php?rest_route=%2Fwp%2Fv2%2Fcategories&post=11396"},{"taxonomy":"post_tag","embeddable":true,"href":"https:\/\/radiocresatelital.com\/index.php?rest_route=%2Fwp%2Fv2%2Ftags&post=11396"}],"curies":[{"name":"wp","href":"https:\/\/api.w.org\/{rel}","templated":true}]}}